{"id":145232,"date":"2014-01-07T12:34:17","date_gmt":"2014-01-07T11:34:17","guid":{"rendered":"http:\/\/www.radioluna.it\/news\/?p=145232"},"modified":"2014-01-07T17:09:58","modified_gmt":"2014-01-07T16:09:58","slug":"latina-vertical-sprint-gara-sulle-scale-della-torre-pontina","status":"publish","type":"post","link":"https:\/\/www.radioluna.it\/news\/2014\/01\/latina-vertical-sprint-gara-sulle-scale-della-torre-pontina\/","title":{"rendered":"LATINA VERTICAL SPRINT<BR> Gara sulle scale della Torre Pontina"},"content":{"rendered":"<div id=\"fb-root\"><\/div>\n<p style=\"text-align: justify;\"><a href=\"http:\/\/www.radioluna.it\/news\/wp-content\/uploads\/2014\/01\/vertical.jpg\"><img loading=\"lazy\" decoding=\"async\" class=\"alignleft size-thumbnail wp-image-145233\" alt=\"vertical\" src=\"http:\/\/www.radioluna.it\/news\/wp-content\/uploads\/2014\/01\/vertical-150x150.jpg\" width=\"150\" height=\"150\" srcset=\"https:\/\/www.radioluna.it\/news\/wp-content\/uploads\/2014\/01\/vertical-150x150.jpg 150w, https:\/\/www.radioluna.it\/news\/wp-content\/uploads\/2014\/01\/vertical-300x300.jpg 300w, https:\/\/www.radioluna.it\/news\/wp-content\/uploads\/2014\/01\/vertical-80x80.jpg 80w, https:\/\/www.radioluna.it\/news\/wp-content\/uploads\/2014\/01\/vertical-50x50.jpg 50w\" sizes=\"auto, (max-width: 150px) 100vw, 150px\" \/><\/a><strong>LATINA &#8211;<\/strong> Latina come la Grande mela per la gara lungo le scale dell&#8217;edificio pi\u00f9 alto della citt\u00e0: la Torre Pontina.\u00a0Passano i giorni e cresce l\u2019attesa per il \u00abLatina Vertical Sprint\u00bb che il prossimo 12 gennaio, a partire dalle ore 11, vedr\u00e0 protagonisti tanti atleti, per una sfida ai \u00a0trentasette piani (ovvero settecentodue gradini) del grattacielo.<br \/>\nAl via ci saranno molti podisti, triathleti, specialisti di corse in montagna e della mountain bike, pugili, specialisti di corse su pista, ma anche appassionati di questo tipo di gare. Tra i personaggi che faranno da contorno alla manifestazione, anche Alessio Sartori, un\u2019icona del nostro sport con le sue cinque Olimpiadi e le tre medaglie conquistate.<br \/>\nTra gli specialisti per le gare sui gradini dei grattacieli ,tra le donne spicca il nome di Cristina Bonacina di Bergamo, che vanta circa 50 gare tra i grattacieli di tutto il mondo. Tra i suoi risultati pi\u00f9 importanti, 2 a New York nel 2011 all&#8217; Empire State Building, e sempre nel 2011 si laurea miglior atleta dell&#8217;anno del circuito Mondiale del Tower Running World Cup con finale disputata a Bogot\u00e0 in Colombia. Nel 2013 Cristina si \u00e8 classificata sesta all&#8217;Extreme Millenium Tawer Vienna (48 piani), prima classificata IZ Tower di Vienna 35 piani e sesta classificata ICC 100 Hong Kong 92 piani , 2120 gradini.<br \/>\nA contederle il primo posto per la gara di Latina ci saranno molte donne podiste, maratonete e triathlete.<br \/>\nTra gli uomini la sfida sar\u00e0 pi\u00f9 agguerrita e oltre allo specialista di corse in montagna Dario Frasassi di Bergamo, con un passato di specialista di corsa in montagna nel Corpo Forestale dello Stato, hanno gi\u00e0 dato la loro adesione specialisti di corse su strada in maratona e mezzamaratona, Laalami Cherckoui che vanta 1h 01 in mezzamaratona e sotto i 29 minuti sui 10km, specialisti di corse su pista sulle distanze degli 800mt e 1500mt, come il pontino Giuseppe Poli, i triathleti Federico Rispoli e Giovanni Santoro, specialisti nella triplice disciplina (nuoto-bici-corsa), Marco Millefiorini campione Italiano Master di Nuoto sulle lunghe distanze e lo specialista del duathlon in mountain bike, Andrea Morini.<br \/>\nInsieme ai top atleti, ci saranno molti atleti amatori che si cimenteranno in questa gara, per partecipare ad un evento particolare, unico in Italia.<br \/>\nCOME FUNZIONA &#8211; La gara, a numero chiuso, prevede come formula tecnica la partenza degli atleti in gruppi di 10, che prima di cimentarsi nella salita delle scale faranno circa 500mt nel piazzale antistante la torre.<br \/>\nLa classifica con chip elettronico, verr\u00e0 gestita dalla TDS ed il tempo real time verr\u00e0 cronometrato a partire dal primo gradino. L&#8217;idea dell&#8217; evento \u00e8 di \u00a0Mariacristina Maione, del \u00abMaione Store\u00bb, che organizzer\u00e0 la manifestazione in collaborazione con l&#8217; ASD Latina Runners e ASCD Fantasia. Sponsor tecnici, la Mizuno, Timex e Musichrome e speaker dell&#8217; evento l&#8217; esperto Angelo Pagliaroli.<br \/>\nA tutti gli atleti verr\u00e0 consegnata una medaglia da finisher ed un \u00a0gara con una maglia tecnica Mizuno, vino dell&#8217; azienda Ganci, integratori e maldodestrine della Lifecode. Per le iscrizioni ci si pu\u00f2 rivolgere presso il Maione Store, in via Tiziano 13 a Latina , o dal sito\u00a0<a href=\"http:\/\/www.maionestore.com\/\">www.maionestore.com<\/a><\/p>\n","protected":false},"excerpt":{"rendered":"<p>LATINA &#8211; Latina come la Grande mela per la gara lungo le scale dell&#8217;edificio pi\u00f9 alto della citt\u00e0: la Torre Pontina.\u00a0Passano i giorni e cresce l\u2019attesa per il \u00abLatina Vertical Sprint\u00bb che il prossimo 12 gennaio, a partire dalle ore 11, vedr\u00e0 protagonisti tanti atleti, per una sfida ai \u00a0trentasette piani (ovvero settecentodue gradini) del [&hellip;]<\/p>\n","protected":false},"author":62,"featured_media":145233,"comment_status":"open","ping_status":"closed","sticky":false,"template":"","format":"standard","meta":{"footnotes":""},"categories":[17],"tags":[],"class_list":["post-145232","post","type-post","status-publish","format-standard","has-post-thumbnail","hentry","category-sport"],"_links":{"self":[{"href":"https:\/\/www.radioluna.it\/news\/wp-json\/wp\/v2\/posts\/145232","targetHints":{"allow":["GET"]}}],"collection":[{"href":"https:\/\/www.radioluna.it\/news\/wp-json\/wp\/v2\/posts"}],"about":[{"href":"https:\/\/www.radioluna.it\/news\/wp-json\/wp\/v2\/types\/post"}],"author":[{"embeddable":true,"href":"https:\/\/www.radioluna.it\/news\/wp-json\/wp\/v2\/users\/62"}],"replies":[{"embeddable":true,"href":"https:\/\/www.radioluna.it\/news\/wp-json\/wp\/v2\/comments?post=145232"}],"version-history":[{"count":0,"href":"https:\/\/www.radioluna.it\/news\/wp-json\/wp\/v2\/posts\/145232\/revisions"}],"wp:featuredmedia":[{"embeddable":true,"href":"https:\/\/www.radioluna.it\/news\/wp-json\/wp\/v2\/media\/145233"}],"wp:attachment":[{"href":"https:\/\/www.radioluna.it\/news\/wp-json\/wp\/v2\/media?parent=145232"}],"wp:term":[{"taxonomy":"category","embeddable":true,"href":"https:\/\/www.radioluna.it\/news\/wp-json\/wp\/v2\/categories?post=145232"},{"taxonomy":"post_tag","embeddable":true,"href":"https:\/\/www.radioluna.it\/news\/wp-json\/wp\/v2\/tags?post=145232"}],"curies":[{"name":"wp","href":"https:\/\/api.w.org\/{rel}","templated":true}]}}