{"id":145294,"date":"2014-01-09T09:20:56","date_gmt":"2014-01-09T08:20:56","guid":{"rendered":"http:\/\/www.radioluna.it\/news\/?p=145294"},"modified":"2014-01-09T09:23:11","modified_gmt":"2014-01-09T08:23:11","slug":"landreoli-prende-un-punto-a-ravenna-con-un-finale-trilling","status":"publish","type":"post","link":"https:\/\/www.radioluna.it\/news\/2014\/01\/landreoli-prende-un-punto-a-ravenna-con-un-finale-trilling\/","title":{"rendered":"NUOVA SCONFITTA PER L&#8217;ANDREOLI<br> A Ravenna finisce 3-2"},"content":{"rendered":"<div id=\"fb-root\"><\/div>\n<p style=\"text-align: justify;\"><span style=\"font-family: Verdana;\"><b><a href=\"http:\/\/www.radioluna.it\/news\/wp-content\/uploads\/2013\/11\/Santilli-mezzo-busto-200x300.jpg\"><img loading=\"lazy\" decoding=\"async\" class=\"alignleft  wp-image-142992\" alt=\"Santilli-mezzo-busto-200x300\" src=\"http:\/\/www.radioluna.it\/news\/wp-content\/uploads\/2013\/11\/Santilli-mezzo-busto-200x300.jpg\" width=\"179\" height=\"100\" \/><\/a>LATINA &#8211;\u00a0<\/b>Si chiude con una sconfitta per l&#8217;Andreoli Latina il girone d&#8217;andata del campionato di serie A1 di Volley. Sul campo di Ravenna i pontini cedono sul 3-2. Una Gara piena di colpi di scena quella giocata al Pala De Andr\u00e8 che si apre con un minuto di silenzio per commemorare Rosa Libanori, moglie del segretario della Top Volley Carlo Buzzanca. Roberto Santilli (che non pu\u00f2 contare sull\u2019infortunato Noda e l\u2019influenzato Gitto) schiera Sottile in regia e Starovic opposto, Verhees e Candellaro al centro, Skrimov e Fragkos di banda con Rossini libero. Bonitta risponde con Toniutti al palleggio e Klapwijk opposto, Cester e Mengozzi centrali, Cebulj e Tillie schiacciatori, Bari libero.<\/span><\/p>\n<p style=\"text-align: justify;\">IL MATCH &#8211; La Cmc parte bene e si porta sul 5-2, doppio muro di Candellaro per la parit\u00e0 (6-6), ma i romagnoli mettono a segno quattro punti consecutivi per il 12-8, ancora quattro per il 21-15, Latina sul 24-18 arriva la serie di Latina fino al 24-22 per il 25-22 che chiude il parziale. Santilli conferma Michalovic nel secondo set e Latina parte in avanti 1-3, ripresa sul 6-6, con Skrimov mette a segno un \u201cfilotto\u201d per l\u20198-13 e poi allunga 10-16, due muri Ravenna accorciano sul 13-16 ma \u00e8 ancora l\u2019Andreoli ad allungare sul 14-21 e sul finale subisce tre break (20-23). Poi un doppio ace Cebulj (entrambi dopo aver cambiato la decisione degli arbitri con il video check) 24-24 e l\u2019Andreoli chiude il set sul 24-26. Pi\u00f9 equilibrato l\u2019inizio del terzo set con Ravenna che con un muro di Klapwijk si porta 11-8 e un ace di Fragkos subentrato al posto di De Rocco per l\u201911 pari, primo filotto del set e a favore dell\u2019Andreoli che si porta 18-22, Candellaro cade male da muro e s\u2019infortuna alla caviglia, viene sostituito da Tailli, le due formazioni mantengono il cambiopalla e il set si chiude 21-25. Quarto set con Fragkos e Tailli in campo, sul 5-5 giallo alla panchina di Ravenna e poi rosso (5-6), Klapwijk allunga sul 19-17 e poi Mengozzi 22-19, Latina riporta la parit\u00e0 con un muro di Verhees sul 23-23 ma Patriarca entrato per la battuta mette a segno una palla corta per il 25-23. Tiebreak equilibrato si cambia campo sull\u20198-7, Tillie e Klapwijk portano il 12-9. . Invasione di Ravenna (12-11), rosso per la panchina di Latina (13-11) e poi giallo-rosso per Bonitta (13-12), e la gara si chiude con un attacco di Klapwijk per il 15-12.<\/p>\n<p style=\"text-align: justify;\">\u00a0\u00a0Sabato sera alle 20.30 di nuovo in campo al PalaBianchini per la prima giornata del girone di ritorno con la Diatec Trentino.\u00a0<span style=\"line-height: 1.5em;\">Da venerd\u00ec \u00e8 aperta anche la prevendita dei biglietti presso il botteghino del PalaBianchini. Si potranno acquistare i tagliandi per la gara di sabato alle 20.30 tra Andreoli Latina e Diatec Trentino venerd\u00ec pomeriggio dalle 16.30 alle 19.00; sabato mattina dalle 10.00 alle 12.00 e nel pomeriggio dalle 17 fino ad inizio gara. Prevendita che si pu\u00f2 effettuare anche nella sede della Top-Volley in via Don Morosini 125 (primo piano) dal luned\u00ec al venerd\u00ec dalle 10.00 alle 12.00 e dalle 17.00 alle 19.00. Il costo del biglietto \u00e8 di 10 euro, il ridotto (8-12 anni) 5 euro, mentre gli under 8 potranno entrare gratis.<\/span><\/p>\n<p style=\"text-align: justify;\">Prezzi<\/p>\n<p style=\"text-align: justify;\">Biglietto 10 euro<\/p>\n<p style=\"text-align: justify;\">Ridotto (8-12 anni) 5 euro<\/p>\n<p style=\"text-align: justify;\">Under 8 gratis<\/p>\n<p>&nbsp;<\/p>\n","protected":false},"excerpt":{"rendered":"<p>LATINA &#8211;\u00a0Si chiude con una sconfitta per l&#8217;Andreoli Latina il girone d&#8217;andata del campionato di serie A1 di Volley. Sul campo di Ravenna i pontini cedono sul 3-2. Una Gara piena di colpi di scena quella giocata al Pala De Andr\u00e8 che si apre con un minuto di silenzio per commemorare Rosa Libanori, moglie del [&hellip;]<\/p>\n","protected":false},"author":62,"featured_media":0,"comment_status":"open","ping_status":"closed","sticky":false,"template":"","format":"standard","meta":{"footnotes":""},"categories":[17],"tags":[],"class_list":["post-145294","post","type-post","status-publish","format-standard","hentry","category-sport"],"_links":{"self":[{"href":"https:\/\/www.radioluna.it\/news\/wp-json\/wp\/v2\/posts\/145294","targetHints":{"allow":["GET"]}}],"collection":[{"href":"https:\/\/www.radioluna.it\/news\/wp-json\/wp\/v2\/posts"}],"about":[{"href":"https:\/\/www.radioluna.it\/news\/wp-json\/wp\/v2\/types\/post"}],"author":[{"embeddable":true,"href":"https:\/\/www.radioluna.it\/news\/wp-json\/wp\/v2\/users\/62"}],"replies":[{"embeddable":true,"href":"https:\/\/www.radioluna.it\/news\/wp-json\/wp\/v2\/comments?post=145294"}],"version-history":[{"count":0,"href":"https:\/\/www.radioluna.it\/news\/wp-json\/wp\/v2\/posts\/145294\/revisions"}],"wp:attachment":[{"href":"https:\/\/www.radioluna.it\/news\/wp-json\/wp\/v2\/media?parent=145294"}],"wp:term":[{"taxonomy":"category","embeddable":true,"href":"https:\/\/www.radioluna.it\/news\/wp-json\/wp\/v2\/categories?post=145294"},{"taxonomy":"post_tag","embeddable":true,"href":"https:\/\/www.radioluna.it\/news\/wp-json\/wp\/v2\/tags?post=145294"}],"curies":[{"name":"wp","href":"https:\/\/api.w.org\/{rel}","templated":true}]}}