{"id":145333,"date":"2014-01-18T10:40:48","date_gmt":"2014-01-18T09:40:48","guid":{"rendered":"http:\/\/www.radioluna.it\/news\/?p=145333"},"modified":"2014-01-18T11:35:07","modified_gmt":"2014-01-18T10:35:07","slug":"torna-a-maranola-la-zampogna-festival-di-musica-popolare","status":"publish","type":"post","link":"https:\/\/www.radioluna.it\/news\/2014\/01\/torna-a-maranola-la-zampogna-festival-di-musica-popolare\/","title":{"rendered":"LA ZAMPOGNA A MARANOLA <BR> Festival di musica popolare"},"content":{"rendered":"<div id=\"fb-root\"><\/div>\n<p style=\"text-align: justify;\"><a href=\"http:\/\/www.radioluna.it\/news\/wp-content\/uploads\/2014\/01\/zampognari1.jpg\"><img loading=\"lazy\" decoding=\"async\" class=\" wp-image-145583 alignleft\" alt=\"zampognari\" src=\"http:\/\/www.radioluna.it\/news\/wp-content\/uploads\/2014\/01\/zampognari1.jpg\" width=\"381\" height=\"380\" srcset=\"https:\/\/www.radioluna.it\/news\/wp-content\/uploads\/2014\/01\/zampognari1.jpg 635w, https:\/\/www.radioluna.it\/news\/wp-content\/uploads\/2014\/01\/zampognari1-300x300.jpg 300w, https:\/\/www.radioluna.it\/news\/wp-content\/uploads\/2014\/01\/zampognari1-500x499.jpg 500w, https:\/\/www.radioluna.it\/news\/wp-content\/uploads\/2014\/01\/zampognari1-150x150.jpg 150w, https:\/\/www.radioluna.it\/news\/wp-content\/uploads\/2014\/01\/zampognari1-80x80.jpg 80w, https:\/\/www.radioluna.it\/news\/wp-content\/uploads\/2014\/01\/zampognari1-50x50.jpg 50w\" sizes=\"auto, (max-width: 381px) 100vw, 381px\" \/><\/a>MARANOLA &#8211; Musica popolare e world music di nuovo protagonisti con &#8220;La Zampogna \u2013 Festival di Musica e Cultura Tradizionale&#8221; che terr\u00e0 anche quest&#8217;anno a Maranola (borgo di Formia ai piedi del Monte Altino) il 17-<span style=\"color: #000000;\">18 e 19 gennaio.<\/span><span style=\"color: #000000;\">\u00a0<\/span><\/p>\n<p style=\"text-align: justify;\">&#8220;L\u2019appuntamento, giunto alla XXI edizione, coinvolge un numero sempre maggiore di studiosi, musicisti, liutai e pubblico, dimostrando quanto sia forte ed in costante aumento, l\u2019attenzione verso questo importante strumento della tradizione popolare italiana.\u00a0<span style=\"line-height: 1.5em;\">Maranola \u00e8 diventato un appuntamento obbligato per quanti, a pi\u00f9 livelli, si interessano del variegato mondo delle tradizioni italiane&#8221;, dicono gli organizzatori<\/span><\/p>\n<p style=\"text-align: justify;\">L&#8217;edizione 2014 pone particolare attenzione alla Sicilia e alla zona di Miranda in Portogallo con la partecipazione di 2 gruppi specializzati nei repertori per zampogna e gaida delle 2 regioni, rispettivamente Unavantaluna e Gaida-de-foles.\u00a0Al centro dell\u2019attenzione anche il giovane gruppo molisano Patrios e le launeddas sarde di Bruno Loi. Previsto anche un corso in 2 lezioni dedicato al marranzano siciliano e curato da Luca Recupero.<\/p>\n<p style=\"text-align: justify;\">Artisti e artigiani affolleranno le strade del paesino aurunco insieme con i suonatori tradizionali di zampogna della zona degli Aurunci, degli Ausoni e delle Mainarde. \u00a0&#8220;<span style=\"line-height: 1.5em;\">Il Premio &#8220;La Zampogna&#8221; \u00a0&#8211; anticipano da Finisterre &#8211; quest\u2019anno sar\u00e0 consegnato a Antonio Infantino, uno dei padri della scena folk italiana, artista poliedrico e autore di numerosi progetti che hanno segnato le scadenze pi\u00f9 importanti del movimento musicale in Italia.\u00a0<\/span>Ma il Festival \u00e8 anche l\u2019occasione per avere un contatto diretto con alcuni tra i costruttori di strumenti musicali tradizionali pi\u00f9 importanti della penisola. La mostra-mercato di liuteria tradizionale di Maranola \u00e8 considerata infatti tra gli appuntamenti pi\u00f9 rilevanti del settore. Costituisce un\u2019occasione unica in cui poter acquistare strumenti musicali, oggettistica tradizionale, attrezzi di uso contadino e pastorale legati al mondo della zampogna e degli zampognari&#8221;.<\/p>\n<p style=\"text-align: justify;\">L&#8217;APERTURA CON SPARAGNA &#8211; Ad aprire il Festival, la presentazione del nuovo libro di Ambrogio Sparagna (venerd\u00ec 17 gennaio), edito dall\u2019Accademia Santa Ceciclia di Roma, e un articolato incontro sul Cammino di Santiago raccontato da 4 viandanti speciali e accompagnato dai canti galiziani di Sara Vidal (sabato 18 gennaio).\u00a0Molte le mostre tra cui quella di acquerelli di Brunella Spalletta, di ceramiche artistiche di Raffaella Fusciello e di scacciapensieri del mondo a cura del Marranzano World Festival di Catania.<\/p>\n<p style=\"text-align: justify;\">Il Festival \u201cLa Zampogna\u201d rientra nelle iniziative di Re. Fo. La. \u2013 Rete del Folklore del Lazio ed \u00e8 partner italiano dell\u2019EFWMF &#8211; European Forum of World Music Festivals (network europeo dei 40 festival di musica folk pi\u00f9 importanti).<\/p>\n<p style=\"text-align: justify;\">\u00a0I LIUTAI &#8211;\u00a0La mostra mercato di strumenti tradizionali \u00e8 in programma a partire dalle ore 10.00 di domenica 19 gennaio.\u00a0L\u2019evento si svolge all\u2019interno del piazzale del Centro Studi \u201cA. De Santis\u201d &#8211; Torre Cajetani. Numerosi LIUTAI, tra i pi\u00f9 importanti della penisola, esporranno i propri strumenti in un\u2019area appositamente allestita. Tra questi:<\/p>\n<p style=\"text-align: justify;\"><span style=\"line-height: 1.5em;\">PAOLO SIMONAZZI Reggio Emilia Tamburi e strumenti a fiato<\/span><\/p>\n<p style=\"text-align: justify;\">MARCO TOMASSI Cassino (FR) Zampogne, ciaramelle<\/p>\n<p style=\"text-align: justify;\">MARCO CIANCIARUSO Chiasso (Svizzera) Zampogne<\/p>\n<p style=\"text-align: justify;\">MARCO CIGNITTI Subiaco (RM) Zampogne, ciaramelle<\/p>\n<p style=\"text-align: justify;\">PAOLO DE MEO Maranola (LT) Zampogne, ciaramelle<\/p>\n<p style=\"text-align: justify;\">ANTONIO O\u2019LIONE Scafati (SA) Tamburi a cornice<\/p>\n<p style=\"text-align: justify;\">EMILIO D&#8217;ALESSANDRO Villa Santa Lucia (FR) Campane<\/p>\n<p>ALFONSO TOSCANO Cilento Chitarre battenti, lire calabresi, castagnette<\/p>\n<p>ORESTE MINGHELLA Monte San Biagio (LT) Ance e campane<\/p>\n<p>GIUSEPPE MINGHELLA Maranola (LT) Corni e campane<\/p>\n<p>PIETRO CERNUTO Messina Zampogne a paro, friscaletti<\/p>\n<p>MICHELE SACCO Monte S. Angelo (FG) Castagnette<\/p>\n<p>MAGNO MURRO Colle San magno (FR) Chitarre battenti<\/p>\n<p>GIANLUCA ZAMMARELLI Cilento Zampogne e ciaramelle<\/p>\n<p>ALESSANDRO MAZZIOTTI Ardea (RM) Zampogne, ciaramelle<\/p>\n<p>BRUNO SPAGNA Napoli Tamburi a cornice<\/p>\n<p style=\"text-align: justify;\"><span style=\"line-height: 1.5em;\">GLI EVENTI &#8211;\u00a0<\/span>Pi\u00f9 di 1000 artisti tra italiani e stranieri, affermati professionisti, anziani suonatori e giovani musicisti in venti anni di storia: questi sono solo alcuni tra i numeri che hanno fatto de la Zampogna una delle realt\u00e0 musicali pi\u00f9 importanti d\u2019Italia, apprezzata e riconosciuta anche all\u2019estero. Un appuntamento a cadenza annuale frequentato, e atteso, da centinaia di appassionati e addetti ai lavori.<\/p>\n<p style=\"text-align: justify;\">\u00a0IL PROGRAMMA &#8211;<\/p>\n<p>Maranola (LT) 17-18-19 gennaio 2014 (XXI Edizione)<\/p>\n<p>Formia 17 Gennaio<\/p>\n<p>Teatro Remigio Paone, h. 19.00<\/p>\n<p><span style=\"line-height: 1.5em;\">Presentazione del Libro \u201cTrillill\u00ec nel paese con le ali\u201d<\/span><\/p>\n<p>di Ambrogio Sparagna e Annarita Colaianni<\/p>\n<p>Collana I Gusci. Edizioni Accademia di Santa Cecilia<\/p>\n<p>&nbsp;<\/p>\n<p>MARANOLA \u2013 18 Gennaio<\/p>\n<p>Sala Abaducesare, h. 17.30 Stage\/Laboratorio<\/p>\n<p><span style=\"line-height: 1.5em;\">Il Marranzano Siciliano<\/span><\/p>\n<p>Corso in due lezioni a cura di Luca Recupero<\/p>\n<p>Palazzo Comunale, h.18.00 Mostra\/Seminario<\/p>\n<p>L\u2019anno che verr\u00e0. Gli acquerelli<\/p>\n<p>Inaugurazione Mostra di Brunella Spalletta<\/p>\n<p><span style=\"line-height: 1.5em;\">Viandante sono le tue impronte la Via<\/span><\/p>\n<p>Appunti di viaggio del Cammino di Santiago<\/p>\n<p>(Iniziative \u201cLungo la via Francigena Sud\u201d)<\/p>\n<p><span style=\"line-height: 1.5em;\">Centro Studi \u201dA. De Santis\u201d Torre Cajetani &#8211; h. 21.00<\/span><\/p>\n<p>CENA-CONCERTO\u2028ZAMPOGNE &amp; CICERCHIE<\/p>\n<p>Cena Musicale tra canti e prodotti tipici\u2028con ZAMPOGNARI DI MARANOLA &amp; OSPITI<\/p>\n<p><span style=\"line-height: 1.5em;\">MARANOLA \u2013 19 Gennaio<\/span><\/p>\n<p>Piazzetta S. Antonio Abate &#8211; h. 10.00<\/p>\n<p>MUSICA del BUON MATTINO\u2028Musiche di Processione con Zampognari degli Aurunci<\/p>\n<p><span style=\"line-height: 1.5em;\">Madonna degli Zampognari \u2013 h. 10.30<\/span><\/p>\n<p>CANTI VOTIVI \u2028Voci della Miranda con SARA VIDAL (Portogallo)<\/p>\n<p><span style=\"line-height: 1.5em;\">Centro Studi \u201dA. De Santis\u201d Torre Cajetani &#8211; h. 11.00<\/span><\/p>\n<p>PROIEZIONI \u2028L\u2019Italia che risuona\u2028Produzione televisiva a cura di RAI Educational<\/p>\n<p><span style=\"line-height: 1.5em;\">Centro Studi \u201dA. De Santis\u201d Torre Cajetani &#8211; h. 14.30-16.30<\/span><\/p>\n<p>SEMINARI DI STUDI<\/p>\n<p>Doppi Flauti in Campania a cura di Giovanni Saviello<\/p>\n<p>U Marranzanu a cura di Luca Recupero<\/p>\n<p>Is Launeddas a cura di Bruno Loi<\/p>\n<p>Chiesa S. Luca Evangelista &#8211; h. 15.00-17.00<\/p>\n<p>CONCERTO\u2028 PATRIOS \u201cNuove Musiche dal Molise\u201d<\/p>\n<p>GAITA-DE-FOLES \u201cSuoni dal Portogallo\u201d (Prog. FolkMus)<\/p>\n<p>UNAVANTALUNA\u2028 Presentazione del CD \u201cIsula Ranni\u201d<\/p>\n<p>Chiesa SS. Annunziata &#8211; h. 18.00<\/p>\n<p>CONCERTO del VESPRO \u2028IL BORDONE SONORO\u2028 Zampognari dei Monti Aurunci, Ausoni, Mainarde\u2028&amp; tutti gli Ospiti del Festival<\/p>\n<p>PREMIO SPECIALE \u201cLA ZAMPOGNA 2014\u201d\u2028 ANTONIO INFANTINO<\/p>\n<p>Centro Studi \u201dA. De Santis\u201d Torre Cajetani<\/p>\n<p>MOSTRA STRUMENTI MUSICALI\u2028Anima vibrante. Scacciapensieri nel mondo<\/p>\n<p>Collezione del Marranzano World Festival (Catania)<\/p>\n<p>Chiesa S. Maria dei Martiri<\/p>\n<p>Mostra di CERAMICA di Raffaella Fusciello &#8211; Santi e Passanti<\/p>\n<p>MOSTRA-MERCATO DI STRUMENTI MUSICALI\u2028PERCORSI ENOGASTRONOMICI<\/p>\n<p>&nbsp;<\/p>\n","protected":false},"excerpt":{"rendered":"<p>MARANOLA &#8211; Musica popolare e world music di nuovo protagonisti con &#8220;La Zampogna \u2013 Festival di Musica e Cultura Tradizionale&#8221; che terr\u00e0 anche quest&#8217;anno a Maranola (borgo di Formia ai piedi del Monte Altino) il 17-18 e 19 gennaio.\u00a0 &#8220;L\u2019appuntamento, giunto alla XXI edizione, coinvolge un numero sempre maggiore di studiosi, musicisti, liutai e pubblico, [&hellip;]<\/p>\n","protected":false},"author":62,"featured_media":145334,"comment_status":"open","ping_status":"closed","sticky":false,"template":"","format":"standard","meta":{"footnotes":""},"categories":[16,15],"tags":[],"class_list":["post-145333","post","type-post","status-publish","format-standard","has-post-thumbnail","hentry","category-appuntamenti","category-cultura"],"_links":{"self":[{"href":"https:\/\/www.radioluna.it\/news\/wp-json\/wp\/v2\/posts\/145333","targetHints":{"allow":["GET"]}}],"collection":[{"href":"https:\/\/www.radioluna.it\/news\/wp-json\/wp\/v2\/posts"}],"about":[{"href":"https:\/\/www.radioluna.it\/news\/wp-json\/wp\/v2\/types\/post"}],"author":[{"embeddable":true,"href":"https:\/\/www.radioluna.it\/news\/wp-json\/wp\/v2\/users\/62"}],"replies":[{"embeddable":true,"href":"https:\/\/www.radioluna.it\/news\/wp-json\/wp\/v2\/comments?post=145333"}],"version-history":[{"count":0,"href":"https:\/\/www.radioluna.it\/news\/wp-json\/wp\/v2\/posts\/145333\/revisions"}],"wp:featuredmedia":[{"embeddable":true,"href":"https:\/\/www.radioluna.it\/news\/wp-json\/wp\/v2\/media\/145334"}],"wp:attachment":[{"href":"https:\/\/www.radioluna.it\/news\/wp-json\/wp\/v2\/media?parent=145333"}],"wp:term":[{"taxonomy":"category","embeddable":true,"href":"https:\/\/www.radioluna.it\/news\/wp-json\/wp\/v2\/categories?post=145333"},{"taxonomy":"post_tag","embeddable":true,"href":"https:\/\/www.radioluna.it\/news\/wp-json\/wp\/v2\/tags?post=145333"}],"curies":[{"name":"wp","href":"https:\/\/api.w.org\/{rel}","templated":true}]}}