{"id":145361,"date":"2014-01-10T16:57:18","date_gmt":"2014-01-10T15:57:18","guid":{"rendered":"http:\/\/www.radioluna.it\/news\/?p=145361"},"modified":"2014-01-10T16:57:18","modified_gmt":"2014-01-10T15:57:18","slug":"inaugurata-laula-borsellino-presenti-le-massime-autorita","status":"publish","type":"post","link":"https:\/\/www.radioluna.it\/news\/2014\/01\/inaugurata-laula-borsellino-presenti-le-massime-autorita\/","title":{"rendered":"INAUGURATA L&#8217;AULA BORSELLINO<BR> Presenti le massime autorit\u00e0"},"content":{"rendered":"<div id=\"fb-root\"><\/div>\n<p style=\"text-align: justify;\"><strong><a href=\"http:\/\/www.radioluna.it\/news\/wp-content\/uploads\/2014\/01\/PICT0060.jpg\"><img loading=\"lazy\" decoding=\"async\" class=\"alignleft size-medium wp-image-145362\" alt=\"PICT0060\" src=\"http:\/\/www.radioluna.it\/news\/wp-content\/uploads\/2014\/01\/PICT0060-300x225.jpg\" width=\"300\" height=\"225\" \/><\/a><a href=\"http:\/\/www.radioluna.it\/news\/wp-content\/uploads\/2014\/01\/PICT0069.jpg\"><img loading=\"lazy\" decoding=\"async\" class=\"alignleft size-medium wp-image-145363\" alt=\"PICT0069\" src=\"http:\/\/www.radioluna.it\/news\/wp-content\/uploads\/2014\/01\/PICT0069-300x225.jpg\" width=\"300\" height=\"225\" \/><\/a>LATINA &#8211;<\/strong> E&#8217; stata inaugurata questa mattina l&#8217;aula intitolata a Paolo Borsellino nel semi interrato della Procura di Latina in via Ezio. Alla cerimonia erano presenti le massime autorit\u00e0 civili e militari tra cui il Prefetto Antonio D&#8217;Acunto. La nuova sala che \u00e8 rimasta chiusa per quasi quattro anni \u00e8 stata ammodernata e ora \u00e8 dotata di postazioni informatiche. Rispetto al passato \u00e8 leggermente pi\u00f9 piccola ma i lavori a cui \u00e8 stata sottoposta l&#8217;hanno resa ancora pi\u00f9 efficiente sotto il profilo della sicurezza. &lt;Abbiamo raggiunto un obiettivo importante \u2013 ha detto il dirigente della Procura Raffaele Mea \u2013 e dobbiamo ringraziare il Procuratore Capo oltre al Comune e tutti i colleghi che si sono dati da fare&gt;. L&#8217;aula che sar\u00e0 utilizzata anche per fini didattici \u00e8 stata inaugurata alla presenza di alcuni pm in servizio a Latina, dell&#8217;Aggiunto Nunzia D&#8217;Elia e del Procuratore Capo Andrea De Gasperis che ha fatto gli onori di casa. &lt;L&#8217;obiettivo \u00e8 anche quello di usare questa aula per i ragazzi e gli studenti e fare in un certo senso prevenzione, fargli capire ancora di pi\u00f9 il concetto della legalit\u00e0 come era accaduto quando lavoravo a Roma&gt;.<\/p>\n<p>&nbsp;<\/p>\n","protected":false},"excerpt":{"rendered":"<p>LATINA &#8211; E&#8217; stata inaugurata questa mattina l&#8217;aula intitolata a Paolo Borsellino nel semi interrato della Procura di Latina in via Ezio. Alla cerimonia erano presenti le massime autorit\u00e0 civili e militari tra cui il Prefetto Antonio D&#8217;Acunto. La nuova sala che \u00e8 rimasta chiusa per quasi quattro anni \u00e8 stata ammodernata e ora \u00e8 [&hellip;]<\/p>\n","protected":false},"author":60,"featured_media":0,"comment_status":"open","ping_status":"closed","sticky":false,"template":"","format":"standard","meta":{"footnotes":""},"categories":[7],"tags":[],"class_list":["post-145361","post","type-post","status-publish","format-standard","hentry","category-cronaca"],"_links":{"self":[{"href":"https:\/\/www.radioluna.it\/news\/wp-json\/wp\/v2\/posts\/145361","targetHints":{"allow":["GET"]}}],"collection":[{"href":"https:\/\/www.radioluna.it\/news\/wp-json\/wp\/v2\/posts"}],"about":[{"href":"https:\/\/www.radioluna.it\/news\/wp-json\/wp\/v2\/types\/post"}],"author":[{"embeddable":true,"href":"https:\/\/www.radioluna.it\/news\/wp-json\/wp\/v2\/users\/60"}],"replies":[{"embeddable":true,"href":"https:\/\/www.radioluna.it\/news\/wp-json\/wp\/v2\/comments?post=145361"}],"version-history":[{"count":0,"href":"https:\/\/www.radioluna.it\/news\/wp-json\/wp\/v2\/posts\/145361\/revisions"}],"wp:attachment":[{"href":"https:\/\/www.radioluna.it\/news\/wp-json\/wp\/v2\/media?parent=145361"}],"wp:term":[{"taxonomy":"category","embeddable":true,"href":"https:\/\/www.radioluna.it\/news\/wp-json\/wp\/v2\/categories?post=145361"},{"taxonomy":"post_tag","embeddable":true,"href":"https:\/\/www.radioluna.it\/news\/wp-json\/wp\/v2\/tags?post=145361"}],"curies":[{"name":"wp","href":"https:\/\/api.w.org\/{rel}","templated":true}]}}