{"id":145368,"date":"2014-01-10T18:36:53","date_gmt":"2014-01-10T17:36:53","guid":{"rendered":"http:\/\/www.radioluna.it\/news\/?p=145368"},"modified":"2014-01-11T08:30:54","modified_gmt":"2014-01-11T07:30:54","slug":"situazione-carcere-latina-e-tra-le-piu-affollate-ditalia","status":"publish","type":"post","link":"https:\/\/www.radioluna.it\/news\/2014\/01\/situazione-carcere-latina-e-tra-le-piu-affollate-ditalia\/","title":{"rendered":"CARCERE DI LATINA DA RECORD<BR> E&#8217; tra i pi\u00f9 affollati d&#8217;Italia"},"content":{"rendered":"<div id=\"fb-root\"><\/div>\n<div id=\"attachment_10307\" style=\"width: 310px\" class=\"wp-caption alignleft\"><a href=\"http:\/\/www.radioluna.it\/news\/wp-content\/uploads\/2010\/08\/Carcere-ingresso2.jpg\"><img loading=\"lazy\" decoding=\"async\" aria-describedby=\"caption-attachment-10307\" class=\"size-medium wp-image-10307\" alt=\"L'ingresso del penitenziario di Latina\" src=\"http:\/\/www.radioluna.it\/news\/wp-content\/uploads\/2010\/08\/Carcere-ingresso2-300x225.jpg\" width=\"300\" height=\"225\" srcset=\"https:\/\/www.radioluna.it\/news\/wp-content\/uploads\/2010\/08\/Carcere-ingresso2-300x225.jpg 300w, https:\/\/www.radioluna.it\/news\/wp-content\/uploads\/2010\/08\/Carcere-ingresso2-500x375.jpg 500w, https:\/\/www.radioluna.it\/news\/wp-content\/uploads\/2010\/08\/Carcere-ingresso2.jpg 640w\" sizes=\"auto, (max-width: 300px) 100vw, 300px\" \/><\/a><p id=\"caption-attachment-10307\" class=\"wp-caption-text\">L&#8217;ingresso del penitenziario di Latina<\/p><\/div>\n<p style=\"text-align: justify;\"><strong>LATINA &#8211;<\/strong> La situazione adesso \u00e8 diventata insostenibile, nonostante gli appelli lanciati in passato dal Garante dei detenuti Angiolo Marroni, la casa circondariale di Latina ospita il doppio dei detenuti rispetto alla sua capienza. A lanciare l&#8217;allarme \u00e8 uno studio della Uil penitenziari che ha valutato i numeri ufficiali del Dap, il dipartimento di amministrazione penitenziari e un proprio monitoraggio; dall&#8217;analisi emerge che la casa circondariale di Latina \u00e8 tra le pi\u00f9 affollate di Italia: la capienza che per gli uomini di 57 unit\u00e0 e per le donne di 29 arriva al doppio. Attualmente sono detenuti 119 uomini e 34 donne per un totale di 153 a fronte di una capienza di appena 86 posti.<\/p>\n<p>&nbsp;<\/p>\n","protected":false},"excerpt":{"rendered":"<p>LATINA &#8211; La situazione adesso \u00e8 diventata insostenibile, nonostante gli appelli lanciati in passato dal Garante dei detenuti Angiolo Marroni, la casa circondariale di Latina ospita il doppio dei detenuti rispetto alla sua capienza. A lanciare l&#8217;allarme \u00e8 uno studio della Uil penitenziari che ha valutato i numeri ufficiali del Dap, il dipartimento di amministrazione [&hellip;]<\/p>\n","protected":false},"author":60,"featured_media":10307,"comment_status":"open","ping_status":"closed","sticky":false,"template":"","format":"standard","meta":{"footnotes":""},"categories":[7,11],"tags":[],"class_list":["post-145368","post","type-post","status-publish","format-standard","has-post-thumbnail","hentry","category-cronaca","category-economia"],"_links":{"self":[{"href":"https:\/\/www.radioluna.it\/news\/wp-json\/wp\/v2\/posts\/145368","targetHints":{"allow":["GET"]}}],"collection":[{"href":"https:\/\/www.radioluna.it\/news\/wp-json\/wp\/v2\/posts"}],"about":[{"href":"https:\/\/www.radioluna.it\/news\/wp-json\/wp\/v2\/types\/post"}],"author":[{"embeddable":true,"href":"https:\/\/www.radioluna.it\/news\/wp-json\/wp\/v2\/users\/60"}],"replies":[{"embeddable":true,"href":"https:\/\/www.radioluna.it\/news\/wp-json\/wp\/v2\/comments?post=145368"}],"version-history":[{"count":0,"href":"https:\/\/www.radioluna.it\/news\/wp-json\/wp\/v2\/posts\/145368\/revisions"}],"wp:featuredmedia":[{"embeddable":true,"href":"https:\/\/www.radioluna.it\/news\/wp-json\/wp\/v2\/media\/10307"}],"wp:attachment":[{"href":"https:\/\/www.radioluna.it\/news\/wp-json\/wp\/v2\/media?parent=145368"}],"wp:term":[{"taxonomy":"category","embeddable":true,"href":"https:\/\/www.radioluna.it\/news\/wp-json\/wp\/v2\/categories?post=145368"},{"taxonomy":"post_tag","embeddable":true,"href":"https:\/\/www.radioluna.it\/news\/wp-json\/wp\/v2\/tags?post=145368"}],"curies":[{"name":"wp","href":"https:\/\/api.w.org\/{rel}","templated":true}]}}