{"id":145490,"date":"2014-01-14T18:34:08","date_gmt":"2014-01-14T17:34:08","guid":{"rendered":"http:\/\/www.radioluna.it\/news\/?p=145490"},"modified":"2014-01-14T18:34:08","modified_gmt":"2014-01-14T17:34:08","slug":"via-armellini-oggi-linaugurazione","status":"publish","type":"post","link":"https:\/\/www.radioluna.it\/news\/2014\/01\/via-armellini-oggi-linaugurazione\/","title":{"rendered":"VIA ARMELLINI<BR> Oggi l&#8217;inaugurazione"},"content":{"rendered":"<div id=\"fb-root\"><\/div>\n<p style=\"text-align: justify;\"><strong><a href=\"http:\/\/www.radioluna.it\/news\/wp-content\/uploads\/2014\/01\/foto-1.jpg\"><img loading=\"lazy\" decoding=\"async\" class=\"alignleft size-medium wp-image-145491\" alt=\"foto (1)\" src=\"http:\/\/www.radioluna.it\/news\/wp-content\/uploads\/2014\/01\/foto-1-300x225.jpg\" width=\"300\" height=\"225\" \/><\/a>LATINA &#8211;<\/strong> Alla presenza del sindaco Giovanni Di Giorgi e dell\u2019assessore Giuseppe Di Rubbo \u00e8 stata inaugurata questa mattina la nuova viabilit\u00e0 in via Armellini, la strada sita nel centro citatdino, accanto alla chiesa di S. Maria Goretti, che \u00e8 stata aperta alla viabilit\u00e0 nei due sensi.<\/p>\n<p style=\"text-align: justify;\">Si tratta di un\u2019opera pubblica che va a riqualificare un\u2019area su cui \u00e8 stata effettuata la realizzazione di 3 edifici con 200 appartamenti, negozi ed uffici, il tutto frutto di una convenzione tra Comune e soggetti privati.<\/p>\n<p style=\"text-align: justify;\">Oltre al compimento delle rete idrica, fognaria, telefonica e di tutte le forniture necessarie per una completa urbanizzazione dell\u2019area, \u00e8 stata creata anche una traccia Loges (Linea di Orientamento, Guida e Sicurezza) sistema costituito da superfici dotate di rilievi studiati appositamente per essere percepiti sotto i piedi, e visivamente contrastate, da installare sul piano di calpestio, per consentire a non vedenti ed ipovedenti di riconosce i luoghi ed eventuali fonti di pericolo.<\/p>\n<p style=\"text-align: justify;\">Sono stati poi realizzati anche due parcheggi, uno in superficie e uno nel sottosuolo, il primo di propriet\u00e0 comunale, il secondo privato.<\/p>\n<p style=\"text-align: justify;\">I lavori, progettati dall\u2019arch. Luca Baldini, sono stati compiuti da ditte locali.<\/p>\n<p style=\"text-align: justify;\">\u201cSi tratta di un importante intervento \u2013 ha affermato il sindaco Di Giorgi \u2013 che consente di riqualificare un\u2019area posta al centro della citt\u00e0 e fornire servizi ad un quartiere popoloso. Un\u2019opera attesa da anni che si affianca anche al recupero e completa riqualificazione del centro sportivo \u201cSamagor\u201d. Questo intervento si inserisce in un quadro pi\u00f9 ampio di opere pubbliche che l\u2019amministrazione sta programmando e portando avanti al fine di fornire servizi ai nostri cittadini\u201d.<\/p>\n<p style=\"text-align: justify;\">\u201cDopo l\u2019inaugurazione delle due rotonde di via Polusca e via dell\u2019Agora \u2013 ha detto l\u2019assessore Di Rubbo \u2013 e la riqualificazione dell\u2019area antistante le autolinee di via Romagnoli, ecco l\u2019apertura di via Armellini. Nei prossimi giorni completeremo i lavori di altri opere importanti, mentre sono tanti i cantieri aperti, tra cui quelli del PLUS per la riqualificazione del litorale. E\u2019 questo il linguaggio con cui ci piace parlare, quello dei fatti concreti\u201d.<\/p>\n<p>&nbsp;<\/p>\n<p>&nbsp;<\/p>\n","protected":false},"excerpt":{"rendered":"<p>LATINA &#8211; Alla presenza del sindaco Giovanni Di Giorgi e dell\u2019assessore Giuseppe Di Rubbo \u00e8 stata inaugurata questa mattina la nuova viabilit\u00e0 in via Armellini, la strada sita nel centro citatdino, accanto alla chiesa di S. Maria Goretti, che \u00e8 stata aperta alla viabilit\u00e0 nei due sensi. Si tratta di un\u2019opera pubblica che va a [&hellip;]<\/p>\n","protected":false},"author":60,"featured_media":0,"comment_status":"open","ping_status":"closed","sticky":false,"template":"","format":"standard","meta":{"footnotes":""},"categories":[735],"tags":[],"class_list":["post-145490","post","type-post","status-publish","format-standard","hentry","category-attualita"],"_links":{"self":[{"href":"https:\/\/www.radioluna.it\/news\/wp-json\/wp\/v2\/posts\/145490","targetHints":{"allow":["GET"]}}],"collection":[{"href":"https:\/\/www.radioluna.it\/news\/wp-json\/wp\/v2\/posts"}],"about":[{"href":"https:\/\/www.radioluna.it\/news\/wp-json\/wp\/v2\/types\/post"}],"author":[{"embeddable":true,"href":"https:\/\/www.radioluna.it\/news\/wp-json\/wp\/v2\/users\/60"}],"replies":[{"embeddable":true,"href":"https:\/\/www.radioluna.it\/news\/wp-json\/wp\/v2\/comments?post=145490"}],"version-history":[{"count":0,"href":"https:\/\/www.radioluna.it\/news\/wp-json\/wp\/v2\/posts\/145490\/revisions"}],"wp:attachment":[{"href":"https:\/\/www.radioluna.it\/news\/wp-json\/wp\/v2\/media?parent=145490"}],"wp:term":[{"taxonomy":"category","embeddable":true,"href":"https:\/\/www.radioluna.it\/news\/wp-json\/wp\/v2\/categories?post=145490"},{"taxonomy":"post_tag","embeddable":true,"href":"https:\/\/www.radioluna.it\/news\/wp-json\/wp\/v2\/tags?post=145490"}],"curies":[{"name":"wp","href":"https:\/\/api.w.org\/{rel}","templated":true}]}}