{"id":145578,"date":"2014-01-17T11:10:30","date_gmt":"2014-01-17T10:10:30","guid":{"rendered":"http:\/\/www.radioluna.it\/news\/?p=145578"},"modified":"2014-01-17T11:11:21","modified_gmt":"2014-01-17T10:11:21","slug":"pacifico-accordo-in-regione-a-san-felice-protesta-in-comune-la-provincia-scrive-al-prefetto","status":"publish","type":"post","link":"https:\/\/www.radioluna.it\/news\/2014\/01\/pacifico-accordo-in-regione-a-san-felice-protesta-in-comune-la-provincia-scrive-al-prefetto\/","title":{"rendered":"PACIFICO, ACCORDO IN REGIONE<BR> A San Felice protesta in Comune<br> La Provincia scrive al Prefetto"},"content":{"rendered":"<div id=\"fb-root\"><\/div>\n<p style=\"text-align: justify;\"><a href=\"http:\/\/www.radioluna.it\/news\/wp-content\/uploads\/2012\/05\/Frigomarket_Pacifico.jpg\"><img loading=\"lazy\" decoding=\"async\" class=\"alignleft size-medium wp-image-119861\" alt=\"Frigomarket_Pacifico\" src=\"http:\/\/www.radioluna.it\/news\/wp-content\/uploads\/2012\/05\/Frigomarket_Pacifico-300x195.jpg\" width=\"300\" height=\"195\" \/><\/a>LATINA &#8211;\u00a0<span style=\"line-height: 1.5em;\">Possono tirare un piccolo sospiro di sollievo i 69 lavoratori di Frigomarket Pacifico dopo che ieri pomeriggio, in Regione \u00e8 stato firmato un accordo per ulteriori sei mesi di cassa integrazione Un\u2019azienda si \u00e8 mostrata interessata al sito che si trova sulla via Carrara a Tor Tre Ponti e progetta la riassunzione del personale. Al momento per\u00f2, c\u2019\u00e8 solo una lettera di intenti inviata al giudice che gestisce la procedura fallimentare.<\/span><\/p>\n<p style=\"text-align: justify;\">A SAN FELICE &#8211; Hanno occupato l\u2019aula consiliare di San Felice Circeo i dipendenti comunali che rischiano la mobilit\u00e0 a causa della situazione di dissesto finanziario. Una situazione mai risolta quella che riguarda in particolare 30 dei 90 dipendenti dell&#8217;Ente che sono risultati in esubero. Il personale dopo una serie di incontri e trattative propone la solidariet\u00e0: una riduzione di orario e quindi di stipendio da suddividere su tutto il personale. Ieri,\u00a0dopo la riunione tra sindacati e amministrazione, per\u00f2 \u00e8 arrivata \u00a0la decisione di un\u2019assemblea permanente e la richiesta di mediazione al Prefetto di Latina.<\/p>\n<p><span style=\"text-align: justify; line-height: 1.5em;\">LA PROVINCIA SCRIVE AL PREFETTO &#8211; E mentre comincia la seconda settimana di occupazione della sede ciociara del quotidiano La Provincia da parte dei lavoratori della redazione di Latina, ormai chiusa, i lavoratori e le organizzazioni Sindacali che seguono la vertenza \u00a0hanno scritto al Prefetto di Latina e all&#8217;assessore al Lavoro, Lucia Valente per informarli sull&#8217;evoluzione della vertenza: &#8221; \u00a0Situazioni di cui siamo preoccupati per gli sviluppi futuri con eventuali ricadute negative sui lavoratori legate anche alla gestione degli ammortizzatori sociali&#8221;.<\/span><\/p>\n<p style=\"text-align: justify;\">IL CASO PAOIL- \u00abLa storica raffineria di Cisterna una delle pi\u00f9 grandi del settore in Italia \u00e8 definitivamente chiusa! Questa la bruttissima notizia con cui si apre un anno in cui tutti parlano di indicatori positivi di ripresa ma che vede la nostra provincia continuare a subire una crisi economica-industriale di dimensioni mai viste e che vede un altro storico ed importante stabilimento precipitare in un baratro senza uscita\u00bb. Cos\u00ec in una nota la Flai-Cgil Latina. L&#8217;azienda occupa quasi cinquanta dipendenti diretti pi\u00f9 tutto l&#8217;indotto, ma ormai da molti mesi lo stabilimento \u00e8 completamento fermo e nell&#8217;incontro tenutosi ieri presso l&#8217;Assessorato alle Attivit\u00e0 Produttive della Provincia di Latina, alla presenza dell&#8217;Assessore D&#8217;Arco, del Sindaco di Cisterna Antonello Merolla e di tutti i lavoratori assistiti dalle organizzazioni sindacali di Fai-Cisl, Flai-Cgil e Ugl Alimentazione, l&#8217;Azienda ha confermato di averi grossi problemi finanziari e che ormai non ci sono le condizioni per riprendere l&#8217;attivit\u00e0 produttiva. I sindacati chiedono dunque un tavolo presso l&#8217;Assessore alle Attivit\u00e0 Produttive e Sviluppo Economico della Regione Lazio Guido Fabiani e dell&#8217;Assessore al Lavoro della Regione Lazio Lucia Valente per verificare la situazione dei dipendenti che vedranno scadere la cassa integrazione il prossimo 15 febbraio e per convocare le banche proprietarie del sito e fare chiarezza una volta per tutte rispetto alla situazione della Paoil di Cisterna che comunque rimane un sito molto appetibile con enormi potenzialit\u00e0 produttive, di filiera e di mercato&#8221;.<\/p>\n","protected":false},"excerpt":{"rendered":"<p>LATINA &#8211;\u00a0Possono tirare un piccolo sospiro di sollievo i 69 lavoratori di Frigomarket Pacifico dopo che ieri pomeriggio, in Regione \u00e8 stato firmato un accordo per ulteriori sei mesi di cassa integrazione Un\u2019azienda si \u00e8 mostrata interessata al sito che si trova sulla via Carrara a Tor Tre Ponti e progetta la riassunzione del personale. [&hellip;]<\/p>\n","protected":false},"author":62,"featured_media":0,"comment_status":"open","ping_status":"closed","sticky":false,"template":"","format":"standard","meta":{"footnotes":""},"categories":[11],"tags":[],"class_list":["post-145578","post","type-post","status-publish","format-standard","hentry","category-economia"],"_links":{"self":[{"href":"https:\/\/www.radioluna.it\/news\/wp-json\/wp\/v2\/posts\/145578","targetHints":{"allow":["GET"]}}],"collection":[{"href":"https:\/\/www.radioluna.it\/news\/wp-json\/wp\/v2\/posts"}],"about":[{"href":"https:\/\/www.radioluna.it\/news\/wp-json\/wp\/v2\/types\/post"}],"author":[{"embeddable":true,"href":"https:\/\/www.radioluna.it\/news\/wp-json\/wp\/v2\/users\/62"}],"replies":[{"embeddable":true,"href":"https:\/\/www.radioluna.it\/news\/wp-json\/wp\/v2\/comments?post=145578"}],"version-history":[{"count":0,"href":"https:\/\/www.radioluna.it\/news\/wp-json\/wp\/v2\/posts\/145578\/revisions"}],"wp:attachment":[{"href":"https:\/\/www.radioluna.it\/news\/wp-json\/wp\/v2\/media?parent=145578"}],"wp:term":[{"taxonomy":"category","embeddable":true,"href":"https:\/\/www.radioluna.it\/news\/wp-json\/wp\/v2\/categories?post=145578"},{"taxonomy":"post_tag","embeddable":true,"href":"https:\/\/www.radioluna.it\/news\/wp-json\/wp\/v2\/tags?post=145578"}],"curies":[{"name":"wp","href":"https:\/\/api.w.org\/{rel}","templated":true}]}}