{"id":145600,"date":"2014-01-17T17:12:43","date_gmt":"2014-01-17T16:12:43","guid":{"rendered":"http:\/\/www.radioluna.it\/news\/?p=145600"},"modified":"2014-01-17T18:52:14","modified_gmt":"2014-01-17T17:52:14","slug":"la-conduttrice-leofreddi-in-lacrime-uno-stalker-di-terracina-non-mi-fa-piu-vivere","status":"publish","type":"post","link":"https:\/\/www.radioluna.it\/news\/2014\/01\/la-conduttrice-leofreddi-in-lacrime-uno-stalker-di-terracina-non-mi-fa-piu-vivere\/","title":{"rendered":"LA CONDUTTRICE LEOFREDDI IN LACRIME<br> Uno stalker di Terracina non mi fa pi\u00f9 vivere"},"content":{"rendered":"<div id=\"fb-root\"><\/div>\n<div style=\"text-align: justify;\"><strong><a href=\"http:\/\/www.radioluna.it\/news\/wp-content\/uploads\/2014\/01\/Monica-leofreddi-palinsesto-rai.jpg\"><img loading=\"lazy\" decoding=\"async\" class=\"alignleft size-medium wp-image-145601\" alt=\"Monica-leofreddi-palinsesto-rai\" src=\"http:\/\/www.radioluna.it\/news\/wp-content\/uploads\/2014\/01\/Monica-leofreddi-palinsesto-rai-300x249.jpg\" width=\"300\" height=\"249\" \/><\/a>ROMA-<\/strong>\u00a0&#8220;Non auguro a nessuno quello che sto vivendo&#8221;. E&#8217; quello che ha detto oggi in aula in Tribunale a Roma davanti al giudice monocratico \u00a0la conduttrice televisiva Monica Leofreddi vittima di uno stalker di Terracina di 51 anni che da anni la segue ovunque. L&#8217;imputato, Goffredo Imperiale di Francavilla, secondo la testimonianza della Leofreddi che oggi in aula ha anche pianto, aspetta la donna sotto casa ma in passato \u00e8 andato anche a casa dei genitori spacciandosi per il suo commercialista. \u00abHo dovuto cambiare casa per proteggere i mie figli. Sono anni che non vivo pi\u00f9, sono anni che non sono pi\u00f9 nessuno. Non auguro a nessuno quello che sto vivendo &#8211; ha spiegato la Leofreddi \u00a0&#8211; c\u2019\u00e8 una persona da anni mi segue ovunque ed \u00e8 una persona lucidissima che ha messo sotto scacco la Procura, gli avvocati e si \u00e8 fatto prendere sul serio dal Tribunale dei minori.\u00a0Ricordo quando sono stata convocata dal giudice minorile, che mi chiese perch\u00e9 non facevo vedere mio figlio al presunto padre: in quel momento ho avuto davvero paura perch\u00e9 mi sembrava che la giustizia tutelasse pi\u00f9 le follie di uno stalker e ignorasse, invece, le mie ripetute denunce. Mio padre \u00e8 morto senza che potesse vedere i miei bambini; non potevo portarglieli perch\u00e9 il mio stalker era sempre fuori casa di mia madre\u00bb. La Leofreddi, assistita dell\u2019avvocato Sonia Battagliese, ha sostenuto che la sua vita \u00e8 stata stravolta da questa terribile storia \u00a0e che da \u00ab4 anni \u00e8 stata del tutto paralizzata\u00bb. Lo stalker \u00e8 arrivato anche a chiedere il riconoscimento di paternit\u00e0 del figlio della Leofreddi.<\/p>\n<div><\/div>\n<\/div>\n","protected":false},"excerpt":{"rendered":"<p>ROMA-\u00a0&#8220;Non auguro a nessuno quello che sto vivendo&#8221;. E&#8217; quello che ha detto oggi in aula in Tribunale a Roma davanti al giudice monocratico \u00a0la conduttrice televisiva Monica Leofreddi vittima di uno stalker di Terracina di 51 anni che da anni la segue ovunque. L&#8217;imputato, Goffredo Imperiale di Francavilla, secondo la testimonianza della Leofreddi che [&hellip;]<\/p>\n","protected":false},"author":60,"featured_media":0,"comment_status":"open","ping_status":"closed","sticky":false,"template":"","format":"standard","meta":{"footnotes":""},"categories":[7],"tags":[],"class_list":["post-145600","post","type-post","status-publish","format-standard","hentry","category-cronaca"],"_links":{"self":[{"href":"https:\/\/www.radioluna.it\/news\/wp-json\/wp\/v2\/posts\/145600","targetHints":{"allow":["GET"]}}],"collection":[{"href":"https:\/\/www.radioluna.it\/news\/wp-json\/wp\/v2\/posts"}],"about":[{"href":"https:\/\/www.radioluna.it\/news\/wp-json\/wp\/v2\/types\/post"}],"author":[{"embeddable":true,"href":"https:\/\/www.radioluna.it\/news\/wp-json\/wp\/v2\/users\/60"}],"replies":[{"embeddable":true,"href":"https:\/\/www.radioluna.it\/news\/wp-json\/wp\/v2\/comments?post=145600"}],"version-history":[{"count":0,"href":"https:\/\/www.radioluna.it\/news\/wp-json\/wp\/v2\/posts\/145600\/revisions"}],"wp:attachment":[{"href":"https:\/\/www.radioluna.it\/news\/wp-json\/wp\/v2\/media?parent=145600"}],"wp:term":[{"taxonomy":"category","embeddable":true,"href":"https:\/\/www.radioluna.it\/news\/wp-json\/wp\/v2\/categories?post=145600"},{"taxonomy":"post_tag","embeddable":true,"href":"https:\/\/www.radioluna.it\/news\/wp-json\/wp\/v2\/tags?post=145600"}],"curies":[{"name":"wp","href":"https:\/\/api.w.org\/{rel}","templated":true}]}}