{"id":145628,"date":"2014-01-18T13:28:28","date_gmt":"2014-01-18T12:28:28","guid":{"rendered":"http:\/\/www.radioluna.it\/news\/?p=145628"},"modified":"2014-01-18T13:28:28","modified_gmt":"2014-01-18T12:28:28","slug":"la-sagra-della-polenta-sermoneta-celebra-il-piatto-tipico","status":"publish","type":"post","link":"https:\/\/www.radioluna.it\/news\/2014\/01\/la-sagra-della-polenta-sermoneta-celebra-il-piatto-tipico\/","title":{"rendered":"LA SAGRA DELLA POLENTA<BR> Sermoneta celebra il piatto tipico"},"content":{"rendered":"<div id=\"fb-root\"><\/div>\n<p><a href=\"http:\/\/www.radioluna.it\/news\/wp-content\/uploads\/2014\/01\/sagra1.jpg\"><img loading=\"lazy\" decoding=\"async\" class=\"alignleft size-medium wp-image-145629\" alt=\"sagra1\" src=\"http:\/\/www.radioluna.it\/news\/wp-content\/uploads\/2014\/01\/sagra1-300x225.jpg\" width=\"300\" height=\"225\" srcset=\"https:\/\/www.radioluna.it\/news\/wp-content\/uploads\/2014\/01\/sagra1-300x225.jpg 300w, https:\/\/www.radioluna.it\/news\/wp-content\/uploads\/2014\/01\/sagra1-768x576.jpg 768w, https:\/\/www.radioluna.it\/news\/wp-content\/uploads\/2014\/01\/sagra1-500x375.jpg 500w, https:\/\/www.radioluna.it\/news\/wp-content\/uploads\/2014\/01\/sagra1-800x600.jpg 800w, https:\/\/www.radioluna.it\/news\/wp-content\/uploads\/2014\/01\/sagra1.jpg 1000w\" sizes=\"auto, (max-width: 300px) 100vw, 300px\" \/><\/a>SERMONETA &#8211;\u00a0Sermoneta celebra domani (domenica 19) il suo piatto tipico, la polenta, con una Sagra che ogni anno richiama migliaia di visitatori da tutta la Regione.\u00a0Nonostante le previsioni meteo non siano favorevoli, la tradizione non verr\u00e0 interrotta e gi\u00e0 dalle 6 di domattina i maestri polentari inizieranno la cottura della polenta e del sugo con salsicce nei tipici paioli di rame, sul fuoco di legna acceso proprio in piazza, sotto una tensostruttura.<\/p>\n<p align=\"justify\">Alle 8.30 e alle 11 ci sar\u00e0 la Santa Messa nella Cattedrale di Santa Maria Assunta e la benedizione dei pani. Nelle strade e nei vicoli del centro storico, inoltre, ci sar\u00e0 un mercatinbo dell&#8217;artigianato. Alle 12.30 inizier\u00e0 la distribuzione della polenta. Nel pomeriggio alle 15 \u00e8 prevista anche l&#8217;esibizione degli Sbandieratori Ducato Caetani di Sermoneta e del gruppo folk Jo Menaturo.<\/p>\n<p align=\"justify\">Alle 18, nella chiesa di San Michele Arcangelo, i \u201cSuoni in chiave popolare\u201d di Massimo Gentile alla fisarmonica, Anna Maria Gentile alla viola da gamba e Massimiliano Filosi sassofono soprano.<\/p>\n<p align=\"justify\"><b>Una navetta gratuita \u00e8 stata messa a disposizione dei turisti per raggiungere il centro storico dall&#8217;Area Mercato di Monticchio e sar\u00e0 attiva per tutta la giornata dalle ore 9 alle ore 14 e dalle ore 15 alle ore 20.<\/b><\/p>\n<p align=\"justify\">\u00a0La Sagra della Polenta \u00e8 una tradizione secolare in onore di Sant\u2019Antonio Abate (protettore degli animali domestici e del mondo rurale) prima del periodo quaresimale, cos\u00ec come storicamente riscontrato dall\u2019editto dell\u2019anno 1622 del Canonico Sermonetano Leonardo Scincia, all\u2019epoca governatore papale in Tossignano (BO), dove istitu\u00ec, con regolare bando, la festa della polenta da celebrarsi l\u2019ultimo giorno di carnevale, che a tutt\u2019oggi ha ancora luogo.<\/p>\n<p align=\"justify\"><span style=\"line-height: 1.5em;\">La sagra della Polenta si terr\u00e0 domani anche a Doganella di Ninfa. Nelle settimane successive la manifestazione si sposter\u00e0 nelle borgate: a Pontenuovo il 26 gennaio, il 2 febbraio a Sermoneta Scalo e il 9 febbraio a Tufette.<\/span><\/p>\n<div><\/div>\n<p>&#8212;<\/p>\n","protected":false},"excerpt":{"rendered":"<p>SERMONETA &#8211;\u00a0Sermoneta celebra domani (domenica 19) il suo piatto tipico, la polenta, con una Sagra che ogni anno richiama migliaia di visitatori da tutta la Regione.\u00a0Nonostante le previsioni meteo non siano favorevoli, la tradizione non verr\u00e0 interrotta e gi\u00e0 dalle 6 di domattina i maestri polentari inizieranno la cottura della polenta e del sugo con [&hellip;]<\/p>\n","protected":false},"author":60,"featured_media":145629,"comment_status":"open","ping_status":"closed","sticky":false,"template":"","format":"standard","meta":{"footnotes":""},"categories":[16],"tags":[],"class_list":["post-145628","post","type-post","status-publish","format-standard","has-post-thumbnail","hentry","category-appuntamenti"],"_links":{"self":[{"href":"https:\/\/www.radioluna.it\/news\/wp-json\/wp\/v2\/posts\/145628","targetHints":{"allow":["GET"]}}],"collection":[{"href":"https:\/\/www.radioluna.it\/news\/wp-json\/wp\/v2\/posts"}],"about":[{"href":"https:\/\/www.radioluna.it\/news\/wp-json\/wp\/v2\/types\/post"}],"author":[{"embeddable":true,"href":"https:\/\/www.radioluna.it\/news\/wp-json\/wp\/v2\/users\/60"}],"replies":[{"embeddable":true,"href":"https:\/\/www.radioluna.it\/news\/wp-json\/wp\/v2\/comments?post=145628"}],"version-history":[{"count":0,"href":"https:\/\/www.radioluna.it\/news\/wp-json\/wp\/v2\/posts\/145628\/revisions"}],"wp:featuredmedia":[{"embeddable":true,"href":"https:\/\/www.radioluna.it\/news\/wp-json\/wp\/v2\/media\/145629"}],"wp:attachment":[{"href":"https:\/\/www.radioluna.it\/news\/wp-json\/wp\/v2\/media?parent=145628"}],"wp:term":[{"taxonomy":"category","embeddable":true,"href":"https:\/\/www.radioluna.it\/news\/wp-json\/wp\/v2\/categories?post=145628"},{"taxonomy":"post_tag","embeddable":true,"href":"https:\/\/www.radioluna.it\/news\/wp-json\/wp\/v2\/tags?post=145628"}],"curies":[{"name":"wp","href":"https:\/\/api.w.org\/{rel}","templated":true}]}}