{"id":145649,"date":"2014-01-20T09:06:20","date_gmt":"2014-01-20T08:06:20","guid":{"rendered":"http:\/\/www.radioluna.it\/news\/?p=145649"},"modified":"2014-01-20T09:15:12","modified_gmt":"2014-01-20T08:15:12","slug":"maltempo-torna-il-freddo-collegamenti-difficili-con-le-isole-pontine","status":"publish","type":"post","link":"https:\/\/www.radioluna.it\/news\/2014\/01\/maltempo-torna-il-freddo-collegamenti-difficili-con-le-isole-pontine\/","title":{"rendered":"MALTEMPO, TORNA IL FREDDO<BR> Collegamenti difficili con le Isole Pontine"},"content":{"rendered":"<div id=\"fb-root\"><\/div>\n<p style=\"text-align: justify;\"><a href=\"http:\/\/www.radioluna.it\/news\/wp-content\/uploads\/2013\/11\/mareggiata.jpg\"><img loading=\"lazy\" decoding=\"async\" class=\"size-full wp-image-143628 alignleft\" alt=\"mareggiata\" src=\"http:\/\/www.radioluna.it\/news\/wp-content\/uploads\/2013\/11\/mareggiata.jpg\" width=\"285\" height=\"177\" \/><\/a>LATINA &#8211; Un&#8217;altra giornata di maltempo attende i pontini in questo inizio di settimana. Per tutta la domenica \u00a0ha continuato\u00a0a soffiare vento di scirocco che ha fatto alzare le temperature nonostante le piogge e \u00a0i temporali, portando anche mareggiate forti lungo le coste. \u00a0A Latina sono stati raggiunti i +18\u00b0C, molto sopra la media stagionale.\u00a0Le ultime due settimane sono state calde in tutt\u2019Europa, ma nelle prossime ore la situazione cambier\u00e0 decisamente: gi\u00e0 a partire da oggi , luned\u00ec 20 gennaio, le temperature crolleranno in tutt\u2019Italia di diversi gradi centigradi, e inizier\u00e0 una settimana decisamente invernale soprattutto al centro\/sud e nelle Regioni tirreniche con \u00a0abbondanti nevicate sui rilievi appenninici anche sotto i 1.000 metri di altitudine. Soffieranno forti venti di Maestrale.<\/p>\n<p style=\"text-align: justify;\">A FONDI il lago ha rotto gli argini domenica pomeriggio nei pressi del Columbus Sporting Club a causa delle forti piogge delle ultime ore. Sul posto, dopo l\u2019allarme lanciato dai residenti che temevano l\u2019esondazione dello specchio d&#8217;acqua, sono intervenute sue squadre dei vigili del fuoco di Fondi e Terracina, tecnici del consorzio di Bonifica e della Prefettura. L\u2019argine \u00e8 stato ripristinato nella notte dopo diverse ore di lavoro. Tra le ipotesi formulate \u00a0anche quella che l\u2019acqua si sia infiltrata nell\u2019argine facendolo crollare a causa del profondo tunnel scavato nei giorni scorsi da una grossa nutria.<\/p>\n<p style=\"text-align: justify;\">A FORMIA il perdurare delle condizioni meteomarine avverse ha causato la sospensione dei collegamenti marittimi tra Formia e le isole pontine.<\/p>\n","protected":false},"excerpt":{"rendered":"<p>LATINA &#8211; Un&#8217;altra giornata di maltempo attende i pontini in questo inizio di settimana. Per tutta la domenica \u00a0ha continuato\u00a0a soffiare vento di scirocco che ha fatto alzare le temperature nonostante le piogge e \u00a0i temporali, portando anche mareggiate forti lungo le coste. \u00a0A Latina sono stati raggiunti i +18\u00b0C, molto sopra la media stagionale.\u00a0Le [&hellip;]<\/p>\n","protected":false},"author":62,"featured_media":145650,"comment_status":"open","ping_status":"closed","sticky":false,"template":"","format":"standard","meta":{"footnotes":""},"categories":[7],"tags":[],"class_list":["post-145649","post","type-post","status-publish","format-standard","has-post-thumbnail","hentry","category-cronaca"],"_links":{"self":[{"href":"https:\/\/www.radioluna.it\/news\/wp-json\/wp\/v2\/posts\/145649","targetHints":{"allow":["GET"]}}],"collection":[{"href":"https:\/\/www.radioluna.it\/news\/wp-json\/wp\/v2\/posts"}],"about":[{"href":"https:\/\/www.radioluna.it\/news\/wp-json\/wp\/v2\/types\/post"}],"author":[{"embeddable":true,"href":"https:\/\/www.radioluna.it\/news\/wp-json\/wp\/v2\/users\/62"}],"replies":[{"embeddable":true,"href":"https:\/\/www.radioluna.it\/news\/wp-json\/wp\/v2\/comments?post=145649"}],"version-history":[{"count":0,"href":"https:\/\/www.radioluna.it\/news\/wp-json\/wp\/v2\/posts\/145649\/revisions"}],"wp:featuredmedia":[{"embeddable":true,"href":"https:\/\/www.radioluna.it\/news\/wp-json\/wp\/v2\/media\/145650"}],"wp:attachment":[{"href":"https:\/\/www.radioluna.it\/news\/wp-json\/wp\/v2\/media?parent=145649"}],"wp:term":[{"taxonomy":"category","embeddable":true,"href":"https:\/\/www.radioluna.it\/news\/wp-json\/wp\/v2\/categories?post=145649"},{"taxonomy":"post_tag","embeddable":true,"href":"https:\/\/www.radioluna.it\/news\/wp-json\/wp\/v2\/tags?post=145649"}],"curies":[{"name":"wp","href":"https:\/\/api.w.org\/{rel}","templated":true}]}}