{"id":145653,"date":"2014-01-20T09:42:31","date_gmt":"2014-01-20T08:42:31","guid":{"rendered":"http:\/\/www.radioluna.it\/news\/?p=145653"},"modified":"2014-01-20T09:42:31","modified_gmt":"2014-01-20T08:42:31","slug":"father-murphy-a-latina-al-circolo-hemingway","status":"publish","type":"post","link":"https:\/\/www.radioluna.it\/news\/2014\/01\/father-murphy-a-latina-al-circolo-hemingway\/","title":{"rendered":"FATHER MURPHY A LATINA<BR> Al Circolo Hemingway"},"content":{"rendered":"<div id=\"fb-root\"><\/div>\n<p style=\"text-align: justify;\"><a href=\"http:\/\/www.radioluna.it\/news\/wp-content\/uploads\/2012\/07\/chitarra.jpg\"><img loading=\"lazy\" decoding=\"async\" class=\" wp-image-122463 alignleft\" alt=\"chitarra\" src=\"http:\/\/www.radioluna.it\/news\/wp-content\/uploads\/2012\/07\/chitarra.jpg\" width=\"259\" height=\"173\" srcset=\"https:\/\/www.radioluna.it\/news\/wp-content\/uploads\/2012\/07\/chitarra.jpg 720w, https:\/\/www.radioluna.it\/news\/wp-content\/uploads\/2012\/07\/chitarra-300x200.jpg 300w, https:\/\/www.radioluna.it\/news\/wp-content\/uploads\/2012\/07\/chitarra-500x335.jpg 500w, https:\/\/www.radioluna.it\/news\/wp-content\/uploads\/2012\/07\/chitarra-600x400.jpg 600w\" sizes=\"auto, (max-width: 259px) 100vw, 259px\" \/><\/a>LATINA &#8211;\u00a0Marted\u00ec 21 gennaio (ore 22) al\u00a0Circolo Hemingway in Piazza Moro a Latina (Circolo Enal) \u00e8 in programma il concerto dei\u00a0Father Murphy, una band che, con due album e varie uscite a tiratura limitata (cassette, 7&#8221;, 10&#8221;&#8230;), \u00e8 diventata una delle pi\u00f9 attive proposte musicali nate in questi ultimi anni in Italia. Il filone \u00e8 quello della musica sacra e profana medievale, passando per Monteverdi e Pergolesi, fino ad arrivare a band misconosciute anni &#8217;60 ma di culto, Jacula, le colonne sonore dei primi film di Dario Argento, e le direzioni di Ennio Morricone.<\/p>\n<p style=\"text-align: justify;\">Nel tour di gennaio 2014 i Father Murphy presenteranno un nuovo ep, dedicato al tema del fallimento.<\/p>\n<p>Evento organizzato da Samcro Ass. Cult.<br \/>\nIngresso a sottoscrizione, riservato ai Soci Enal del Circolo.<br \/>\nPer Informazioni: 3933364694 circolo.hemingway@gmail.com<\/p>\n<p>&nbsp;<\/p>\n","protected":false},"excerpt":{"rendered":"<p>LATINA &#8211;\u00a0Marted\u00ec 21 gennaio (ore 22) al\u00a0Circolo Hemingway in Piazza Moro a Latina (Circolo Enal) \u00e8 in programma il concerto dei\u00a0Father Murphy, una band che, con due album e varie uscite a tiratura limitata (cassette, 7&#8221;, 10&#8221;&#8230;), \u00e8 diventata una delle pi\u00f9 attive proposte musicali nate in questi ultimi anni in Italia. Il filone \u00e8 [&hellip;]<\/p>\n","protected":false},"author":60,"featured_media":122463,"comment_status":"open","ping_status":"closed","sticky":false,"template":"","format":"standard","meta":{"footnotes":""},"categories":[16],"tags":[],"class_list":["post-145653","post","type-post","status-publish","format-standard","has-post-thumbnail","hentry","category-appuntamenti"],"_links":{"self":[{"href":"https:\/\/www.radioluna.it\/news\/wp-json\/wp\/v2\/posts\/145653","targetHints":{"allow":["GET"]}}],"collection":[{"href":"https:\/\/www.radioluna.it\/news\/wp-json\/wp\/v2\/posts"}],"about":[{"href":"https:\/\/www.radioluna.it\/news\/wp-json\/wp\/v2\/types\/post"}],"author":[{"embeddable":true,"href":"https:\/\/www.radioluna.it\/news\/wp-json\/wp\/v2\/users\/60"}],"replies":[{"embeddable":true,"href":"https:\/\/www.radioluna.it\/news\/wp-json\/wp\/v2\/comments?post=145653"}],"version-history":[{"count":0,"href":"https:\/\/www.radioluna.it\/news\/wp-json\/wp\/v2\/posts\/145653\/revisions"}],"wp:featuredmedia":[{"embeddable":true,"href":"https:\/\/www.radioluna.it\/news\/wp-json\/wp\/v2\/media\/122463"}],"wp:attachment":[{"href":"https:\/\/www.radioluna.it\/news\/wp-json\/wp\/v2\/media?parent=145653"}],"wp:term":[{"taxonomy":"category","embeddable":true,"href":"https:\/\/www.radioluna.it\/news\/wp-json\/wp\/v2\/categories?post=145653"},{"taxonomy":"post_tag","embeddable":true,"href":"https:\/\/www.radioluna.it\/news\/wp-json\/wp\/v2\/tags?post=145653"}],"curies":[{"name":"wp","href":"https:\/\/api.w.org\/{rel}","templated":true}]}}