{"id":145665,"date":"2014-01-20T11:21:23","date_gmt":"2014-01-20T10:21:23","guid":{"rendered":"http:\/\/www.radioluna.it\/news\/?p=145665"},"modified":"2014-01-20T11:21:57","modified_gmt":"2014-01-20T10:21:57","slug":"incendi-alle-aziende-zootecniche-la-cia-subito-incontro-con-il-prefetto","status":"publish","type":"post","link":"https:\/\/www.radioluna.it\/news\/2014\/01\/incendi-alle-aziende-zootecniche-la-cia-subito-incontro-con-il-prefetto\/","title":{"rendered":"ROGHI DOLOSI TRA MAENZA E PRIVERNO<BR> La Cia: &#8220;Subito incontro con il Prefetto&#8221;"},"content":{"rendered":"<div id=\"fb-root\"><\/div>\n<div id=\"attachment_145671\" style=\"width: 245px\" class=\"wp-caption alignleft\"><a href=\"http:\/\/www.radioluna.it\/news\/wp-content\/uploads\/2014\/01\/perfili-argeo.jpg\"><img loading=\"lazy\" decoding=\"async\" aria-describedby=\"caption-attachment-145671\" class=\"size-medium wp-image-145671\" alt=\"Argeo Perfili\" src=\"http:\/\/www.radioluna.it\/news\/wp-content\/uploads\/2014\/01\/perfili-argeo-235x300.jpg\" width=\"235\" height=\"300\" srcset=\"https:\/\/www.radioluna.it\/news\/wp-content\/uploads\/2014\/01\/perfili-argeo-235x300.jpg 235w, https:\/\/www.radioluna.it\/news\/wp-content\/uploads\/2014\/01\/perfili-argeo-768x980.jpg 768w, https:\/\/www.radioluna.it\/news\/wp-content\/uploads\/2014\/01\/perfili-argeo-500x638.jpg 500w, https:\/\/www.radioluna.it\/news\/wp-content\/uploads\/2014\/01\/perfili-argeo.jpg 784w\" sizes=\"auto, (max-width: 235px) 100vw, 235px\" \/><\/a><p id=\"caption-attachment-145671\" class=\"wp-caption-text\">Argeo Perfili<\/p><\/div>\n<p style=\"text-align: justify;\" align=\"JUSTIFY\"><span style=\"font-size: medium;\">PRIVERNO &#8211; U<\/span>n incontro urgente con il Prefetto di Latina &#8220;perch\u00e9 \u00e8 necessario individuare e assicurare al pi\u00f9 presto alla giustizia gli autori di questi fatti criminosi, ma \u00e8 altrettanto necessario dimostrare la presenza dello Stato, che non abbandona i propri cittadini al sopruso e alla violenza&#8221;. E&#8217; l&#8217;impegno preso dal neo presidente della \u00a0Confederazione Italiana Agricoltori della provincia di Latina\u00a0Argeo Perfili, dopo i roghi dolosi in tre diverse aziende zooteniche di Priverno che avevano installato sulle coperture dei fienili, parchi fotovoltaici.<\/p>\n<p align=\"JUSTIFY\"><span style=\"font-size: medium;\">S<\/span><span style=\"line-height: 1.5em;\">i \u00e8 svolta domenica 19 gennaio 2014, nella splendida cornice del Castello di San Martino di Priverno, la sesta Assemblea elettiva provinciale della Confederazione Italiana Agricoltori della provincia di Latina, che ha avuto come tema \u201cPi\u00f9 agricoltura per nutrire il mondo, pi\u00f9 reddito per gli agricoltori\u201d. Una volta\u00a0<\/span><span style=\"line-height: 1.5em;\">eletto, Argeo Perfili, imprenditore agricolo di Pontinia ha spiegato:\u00a0<\/span><span style=\"line-height: 1.5em;\">&#8220;La valorizzazione dell&#8217;agricoltura di qualit\u00e0 in rapporto ai valori del territorio, la difesa del reddito degli agricoltori, la qualit\u00e0 della vita nelle zone rurali, rappresentano gli obiettivi principali del programma approvato dall&#8217;assemblea provinciale della CIA. L&#8217;agricoltura pu\u00f2 rappresentare una grande opportunit\u00e0 per il rilancio dell&#8217;economia e dell&#8217;occupazione della nostra provincia&#8221;.<\/span><\/p>\n<p style=\"text-align: justify;\"><span style=\"line-height: 1.5em;\">Anche il Sindaco del Comune di Priverno Angelo Delogu si \u00e8 unito alle preoccupazioni espresse dal neo Presidente e dall\u2019assemblea tutta, &#8220;cui gravi fatti accaduti che hanno visto tre aziende agricole dei comuni di Priverno e Maenza colpite da incendio doloso. Oltre ai gravissimi danni causati ci\u00f2 determina tra gli agricoltori della zona uno stato di intimidazione e rabbia, che pu\u00f2 sfociare in ulteriori eventi criminosi.\u00a0<\/span><span style=\"line-height: 1.5em;\">Quello che \u00e8 successo \u00e8 di inaudita gravit\u00e0 \u2013 ha commentato Delogu \u2013 un atto intimidatorio che va condannato con forza. L\u2019amministrazione comunale esprime profonda solidariet\u00e0 e rinnova la propria vicinanza ai proprietari dell&#8217;aziende colpite&#8221;.\u00a0<\/span><\/p>\n<p>&nbsp;<\/p>\n","protected":false},"excerpt":{"rendered":"<p>PRIVERNO &#8211; Un incontro urgente con il Prefetto di Latina &#8220;perch\u00e9 \u00e8 necessario individuare e assicurare al pi\u00f9 presto alla giustizia gli autori di questi fatti criminosi, ma \u00e8 altrettanto necessario dimostrare la presenza dello Stato, che non abbandona i propri cittadini al sopruso e alla violenza&#8221;. E&#8217; l&#8217;impegno preso dal neo presidente della \u00a0Confederazione [&hellip;]<\/p>\n","protected":false},"author":62,"featured_media":145671,"comment_status":"open","ping_status":"closed","sticky":false,"template":"","format":"standard","meta":{"footnotes":""},"categories":[7,11],"tags":[],"class_list":["post-145665","post","type-post","status-publish","format-standard","has-post-thumbnail","hentry","category-cronaca","category-economia"],"_links":{"self":[{"href":"https:\/\/www.radioluna.it\/news\/wp-json\/wp\/v2\/posts\/145665","targetHints":{"allow":["GET"]}}],"collection":[{"href":"https:\/\/www.radioluna.it\/news\/wp-json\/wp\/v2\/posts"}],"about":[{"href":"https:\/\/www.radioluna.it\/news\/wp-json\/wp\/v2\/types\/post"}],"author":[{"embeddable":true,"href":"https:\/\/www.radioluna.it\/news\/wp-json\/wp\/v2\/users\/62"}],"replies":[{"embeddable":true,"href":"https:\/\/www.radioluna.it\/news\/wp-json\/wp\/v2\/comments?post=145665"}],"version-history":[{"count":0,"href":"https:\/\/www.radioluna.it\/news\/wp-json\/wp\/v2\/posts\/145665\/revisions"}],"wp:featuredmedia":[{"embeddable":true,"href":"https:\/\/www.radioluna.it\/news\/wp-json\/wp\/v2\/media\/145671"}],"wp:attachment":[{"href":"https:\/\/www.radioluna.it\/news\/wp-json\/wp\/v2\/media?parent=145665"}],"wp:term":[{"taxonomy":"category","embeddable":true,"href":"https:\/\/www.radioluna.it\/news\/wp-json\/wp\/v2\/categories?post=145665"},{"taxonomy":"post_tag","embeddable":true,"href":"https:\/\/www.radioluna.it\/news\/wp-json\/wp\/v2\/tags?post=145665"}],"curies":[{"name":"wp","href":"https:\/\/api.w.org\/{rel}","templated":true}]}}