{"id":145940,"date":"2014-01-27T17:52:55","date_gmt":"2014-01-27T16:52:55","guid":{"rendered":"http:\/\/www.radioluna.it\/news\/?p=145940"},"modified":"2014-01-27T17:52:55","modified_gmt":"2014-01-27T16:52:55","slug":"atti-vandalici-in-piazza-san-marco-danneggiata-la-statua-di-don-torello","status":"publish","type":"post","link":"https:\/\/www.radioluna.it\/news\/2014\/01\/atti-vandalici-in-piazza-san-marco-danneggiata-la-statua-di-don-torello\/","title":{"rendered":"ATTI VANDALICI IN PIAZZA SAN MARCO<BR> Danneggiata la statua di Don Torello"},"content":{"rendered":"<div id=\"fb-root\"><\/div>\n<p style=\"text-align: justify;\"><strong><a href=\"http:\/\/www.radioluna.it\/news\/wp-content\/uploads\/2011\/08\/piazza-san-marco.jpg\"><img loading=\"lazy\" decoding=\"async\" class=\"alignleft size-medium wp-image-107915\" alt=\"piazza-san-marco\" src=\"http:\/\/www.radioluna.it\/news\/wp-content\/uploads\/2011\/08\/piazza-san-marco-300x202.jpg\" width=\"300\" height=\"202\" srcset=\"https:\/\/www.radioluna.it\/news\/wp-content\/uploads\/2011\/08\/piazza-san-marco-300x202.jpg 300w, https:\/\/www.radioluna.it\/news\/wp-content\/uploads\/2011\/08\/piazza-san-marco.jpg 500w\" sizes=\"auto, (max-width: 300px) 100vw, 300px\" \/><\/a>LATINA &#8211;<\/strong> \u201cA nome della citt\u00e0 esprimo forte condanna dell\u2019atto vandalico compiuto la scorsa notte a danno della statua di Don Torello, posta all\u2019ingresso della cattedrale San Marco. Quanto accaduto, oltraggia il nostro passato storico ed il nostro presente.\u201d<\/p>\n<p style=\"text-align: justify;\">\u201cSono atti da condannare e da stigmatizzare, sempre e con fermezza.\u201d \u2013afferma il sindaco Giovanni Di Giorgi \u2013 \u201cAtti di vandalismo, cos\u00ec come episodi di incivilt\u00e0 o di scarso rispetto per i beni pubblici sono diventati purtroppo parte integrante del vivere comune, ma quando colpiscono la memoria della citt\u00e0 ed i valori della comunit\u00e0 religiosa, la ferita che creano \u00e8 ancora pi\u00f9 grave.\u201d<\/p>\n<p style=\"text-align: justify;\"><span style=\"line-height: 1.5em;\">\u201cManifesto la mia pi\u00f9 completa solidariet\u00e0 al Parroco di San Marco e a tutto l\u2019ordine religioso Salesiano che opera e si adopera per la cittadinanza locale.\u201d<\/span><\/p>\n","protected":false},"excerpt":{"rendered":"<p>LATINA &#8211; \u201cA nome della citt\u00e0 esprimo forte condanna dell\u2019atto vandalico compiuto la scorsa notte a danno della statua di Don Torello, posta all\u2019ingresso della cattedrale San Marco. Quanto accaduto, oltraggia il nostro passato storico ed il nostro presente.\u201d \u201cSono atti da condannare e da stigmatizzare, sempre e con fermezza.\u201d \u2013afferma il sindaco Giovanni Di [&hellip;]<\/p>\n","protected":false},"author":60,"featured_media":107915,"comment_status":"open","ping_status":"closed","sticky":false,"template":"","format":"standard","meta":{"footnotes":""},"categories":[7],"tags":[],"class_list":["post-145940","post","type-post","status-publish","format-standard","has-post-thumbnail","hentry","category-cronaca"],"_links":{"self":[{"href":"https:\/\/www.radioluna.it\/news\/wp-json\/wp\/v2\/posts\/145940","targetHints":{"allow":["GET"]}}],"collection":[{"href":"https:\/\/www.radioluna.it\/news\/wp-json\/wp\/v2\/posts"}],"about":[{"href":"https:\/\/www.radioluna.it\/news\/wp-json\/wp\/v2\/types\/post"}],"author":[{"embeddable":true,"href":"https:\/\/www.radioluna.it\/news\/wp-json\/wp\/v2\/users\/60"}],"replies":[{"embeddable":true,"href":"https:\/\/www.radioluna.it\/news\/wp-json\/wp\/v2\/comments?post=145940"}],"version-history":[{"count":0,"href":"https:\/\/www.radioluna.it\/news\/wp-json\/wp\/v2\/posts\/145940\/revisions"}],"wp:featuredmedia":[{"embeddable":true,"href":"https:\/\/www.radioluna.it\/news\/wp-json\/wp\/v2\/media\/107915"}],"wp:attachment":[{"href":"https:\/\/www.radioluna.it\/news\/wp-json\/wp\/v2\/media?parent=145940"}],"wp:term":[{"taxonomy":"category","embeddable":true,"href":"https:\/\/www.radioluna.it\/news\/wp-json\/wp\/v2\/categories?post=145940"},{"taxonomy":"post_tag","embeddable":true,"href":"https:\/\/www.radioluna.it\/news\/wp-json\/wp\/v2\/tags?post=145940"}],"curies":[{"name":"wp","href":"https:\/\/api.w.org\/{rel}","templated":true}]}}