{"id":145970,"date":"2014-01-28T11:05:12","date_gmt":"2014-01-28T10:05:12","guid":{"rendered":"http:\/\/www.radioluna.it\/news\/?p=145970"},"modified":"2014-02-01T10:41:49","modified_gmt":"2014-02-01T09:41:49","slug":"il-2014-della-boxe-latina-pronti-a-nuovi-successi","status":"publish","type":"post","link":"https:\/\/www.radioluna.it\/news\/2014\/01\/il-2014-della-boxe-latina-pronti-a-nuovi-successi\/","title":{"rendered":"IL 2014 DELLA BOXE LATINA<BR> &#8220;Pronti a nuovi successi&#8221;"},"content":{"rendered":"<div id=\"fb-root\"><\/div>\n<p style=\"text-align: justify;\"><a href=\"http:\/\/www.radioluna.it\/news\/wp-content\/uploads\/2014\/01\/Rocco-Prezioso-a-sx-ed-il-presidente-Francesco-Prezioso-a-dx.jpg\"><img loading=\"lazy\" decoding=\"async\" class=\"alignleft size-medium wp-image-145971\" alt=\"Rocco Prezioso (a sx) ed il presidente Francesco Prezioso (a dx)\" src=\"http:\/\/www.radioluna.it\/news\/wp-content\/uploads\/2014\/01\/Rocco-Prezioso-a-sx-ed-il-presidente-Francesco-Prezioso-a-dx-300x132.jpg\" width=\"300\" height=\"132\" \/><\/a>LATINA &#8211;\u00a0<span style=\"line-height: 1.5em;\">\u00a0\u00abSiamo pronti a ripeterci e migliorarci\u00bb. Francesco \u00a0Prezioso, presidente della<\/span>\u00a0Boxe Latina, guarda con fiducia al 2014 dopo i traguardi raggiunti l\u2019anno scorso. Nuovi atleti in rampa di lancio ed altri pugili pronti a confermarsi sul ring e alle spalle 58 stagioni.<\/p>\n<p style=\"text-align: justify;\">\u00a0&#8220;L&#8217;ultima \u00e8 stata una settimana impegnativa \u00a0&#8211; racconta Prezioso &#8211; abbiamo depositato l\u2019iscrizione in Federazione e poi ha deciso anche di registrare il marchio. Sbrigate le operazioni burocratiche c\u2019\u00e8 tutto per affrontare la nuova stagione&#8221;. Qualche novit\u00e0 a livello societario (confermata la presidenza di Francesco Prezioso entra in societ\u00e0 Marco Libertini, figlio del compianto Mario, che da poche settimane \u00e8 il nuovo vicepresidente insieme ad Antonello Calvanelli. Con Libertini c\u2019\u00e8 anche la promozione di Emanuele Gottardo a nuovo Direttore Sportivo mentre tra i Consiglieri ci saranno anche Maria Stella Prezioso e Lorena Antoni).<\/p>\n<p style=\"text-align: justify;\">&#8220;Risolta l\u2019organizzazione societaria si pu\u00f2 cominciare a pensare al ring perch\u00e9 se i corsi amatoriali hanno gi\u00e0 ripreso la loro attivit\u00e0 la Boxe Latina deve organizzarsi per gli eventi in programma in questo 2014. La stagione appena chiusa ha regalato tante soddisfazioni con i titoli regionali di Alessandro Marchetto (terza serie), il fratello Angelo (junior) ed il titolo di vicecampione regionale di Roberto Improta (prima serie) &#8211; ricordano dalla societ\u00e0 \u00a0&#8211; \u00a0A Marzo ci sar\u00e0 il consueto torneo riservato agli esordienti in programma a Roma (ancora da definire la sede) con la Boxe Latina che presenter\u00e0 cinque pugili, tutti esordienti. Si tratta di Massimiliano Capoccia, Massimo De Muro, Matteo Gervasi, Simone D\u2019Antoni e Nicol\u00f2 Giungarelli, pronti al loro primo match ufficiale&#8221;.<\/p>\n<p style=\"text-align: justify;\">\u00abIl loro esordio conferma solo i passi in avanti che sta facendo la nostra societ\u00e0 \u2013 ha dichiarato il presidente Francesco Prezioso \u2013 stiamo lavorando sodo per far crescere i nostri ragazzi ed elevarli tecnicamente ma anche umanamente. C\u2019\u00e8 molto entusiasmo per la loro prima volta sul ring ma non dimentichiamo nemmeno atleti come Matteo Conti che ha gi\u00e0 esordito nel 2013 con ottimi risultati. Se l\u2019anno scorso abbiamo raccolto importanti successi con i fratelli Marchetto ed Improta quest\u2019anno vogliamo almeno ripeterci e magari migliorarci\u00bb. L\u2019anno scorso ampi sorrisi sono arrivati anche dal settore amatoriale, con l\u2019incremento degli iscritti al Palaboxe di via Aspromonte e la Riunione dell\u20198 dicembre che ha riscosso immenso successo con il pienone nella palestra pontina. Dopo 58 anni non \u00e8 facile rimanere sempre sulla cresta dell\u2019onda ed essere un importante punto di riferimento a livello provinciale e regionale, la Boxe Latina per\u00f2 ci \u00e8 riuscita.<\/p>\n<p style=\"text-align: justify;\"><span style=\"line-height: 1.5em;\">\u00a0<\/span><\/p>\n","protected":false},"excerpt":{"rendered":"<p>LATINA &#8211;\u00a0\u00a0\u00abSiamo pronti a ripeterci e migliorarci\u00bb. Francesco \u00a0Prezioso, presidente della\u00a0Boxe Latina, guarda con fiducia al 2014 dopo i traguardi raggiunti l\u2019anno scorso. Nuovi atleti in rampa di lancio ed altri pugili pronti a confermarsi sul ring e alle spalle 58 stagioni. \u00a0&#8220;L&#8217;ultima \u00e8 stata una settimana impegnativa \u00a0&#8211; racconta Prezioso &#8211; abbiamo depositato l\u2019iscrizione [&hellip;]<\/p>\n","protected":false},"author":60,"featured_media":145971,"comment_status":"open","ping_status":"closed","sticky":false,"template":"","format":"standard","meta":{"footnotes":""},"categories":[17],"tags":[],"class_list":["post-145970","post","type-post","status-publish","format-standard","has-post-thumbnail","hentry","category-sport"],"_links":{"self":[{"href":"https:\/\/www.radioluna.it\/news\/wp-json\/wp\/v2\/posts\/145970","targetHints":{"allow":["GET"]}}],"collection":[{"href":"https:\/\/www.radioluna.it\/news\/wp-json\/wp\/v2\/posts"}],"about":[{"href":"https:\/\/www.radioluna.it\/news\/wp-json\/wp\/v2\/types\/post"}],"author":[{"embeddable":true,"href":"https:\/\/www.radioluna.it\/news\/wp-json\/wp\/v2\/users\/60"}],"replies":[{"embeddable":true,"href":"https:\/\/www.radioluna.it\/news\/wp-json\/wp\/v2\/comments?post=145970"}],"version-history":[{"count":0,"href":"https:\/\/www.radioluna.it\/news\/wp-json\/wp\/v2\/posts\/145970\/revisions"}],"wp:featuredmedia":[{"embeddable":true,"href":"https:\/\/www.radioluna.it\/news\/wp-json\/wp\/v2\/media\/145971"}],"wp:attachment":[{"href":"https:\/\/www.radioluna.it\/news\/wp-json\/wp\/v2\/media?parent=145970"}],"wp:term":[{"taxonomy":"category","embeddable":true,"href":"https:\/\/www.radioluna.it\/news\/wp-json\/wp\/v2\/categories?post=145970"},{"taxonomy":"post_tag","embeddable":true,"href":"https:\/\/www.radioluna.it\/news\/wp-json\/wp\/v2\/tags?post=145970"}],"curies":[{"name":"wp","href":"https:\/\/api.w.org\/{rel}","templated":true}]}}