{"id":145973,"date":"2014-01-28T11:53:23","date_gmt":"2014-01-28T10:53:23","guid":{"rendered":"http:\/\/www.radioluna.it\/news\/?p=145973"},"modified":"2014-02-10T11:35:41","modified_gmt":"2014-02-10T10:35:41","slug":"berardi-un-anno-in-carcere-in-guinea-limprenditore-di-latina-da-40-giorni-e-in-isolamento-totale","status":"publish","type":"post","link":"https:\/\/www.radioluna.it\/news\/2014\/01\/berardi-un-anno-in-carcere-in-guinea-limprenditore-di-latina-da-40-giorni-e-in-isolamento-totale\/","title":{"rendered":"PROPOSTA INDECENTE A ROBERTO BERARDI <BR> In carcere in Guinea gli chiedono di dichiararsi colpevole<br> Dopo un anno di prigionia, da 40 giorni \u00e8 in isolamento"},"content":{"rendered":"<div id=\"fb-root\"><\/div>\n<p style=\"text-align: justify;\"><a href=\"http:\/\/www.radioluna.it\/news\/wp-content\/uploads\/2013\/11\/berardi1.jpg\"><img loading=\"lazy\" decoding=\"async\" class=\"alignleft size-medium wp-image-143725\" alt=\"berardi\" src=\"http:\/\/www.radioluna.it\/news\/wp-content\/uploads\/2013\/11\/berardi1-300x253.jpg\" width=\"300\" height=\"253\" \/><\/a>LATINA &#8211;\u00a0Torniamo ad occuparci oggi del caso di Roberto Berardi che da oltre un anno, dal giorno dell\u2019arresto avvenuto il 19 gennaio del 2013, si trova \u00a0nella galera di Bata nella Guinea Equatoriale e che da \u00a040 giorni \u00e8 detenuto in totale isolamento senza poter lasciare la cella nemmeno per l&#8217;ora d&#8217;aria. La storia assurda dell\u2019imprenditore di Latina \u00e8 stata raccontata sul sito Africa ExPress \u00a0dal Massimo Alberizzi inviato del Corriere della Sera e grande esperto d\u2019Africa il quale racconta che Roberto ha ricevuto in questi giorni la visita in carcere di un ministro locale &#8220;che gli ha offerto la libert\u00e0 in cambio dell\u2019ammissione di colpa e della rinuncia a intentare causa contro la famiglia imperiale&#8221; del dittatore Obiang evidentemente preoccupato per la cattiva immagine di s\u00e9 che l\u2019eco di questo caso sta diffondendo nel mondo. La proposta \u00e8 stata respinta dall&#8217;imprenditore di Latina. \u201cL\u2019imperativo urgente \u00a0&#8211; scrive Alberizzi &#8211; \u00e8 quello di fare qualcosa, subito, per Roberto Berardi che rischia di non uscire vivo da questa avventura. Giacch\u00e9 il regime di isolamento cui \u00e8 costretto da 40 giorni non prevede neppure l\u2019ora d\u2019aria in cortile\u201d.<\/p>\n","protected":false},"excerpt":{"rendered":"<p>LATINA &#8211;\u00a0Torniamo ad occuparci oggi del caso di Roberto Berardi che da oltre un anno, dal giorno dell\u2019arresto avvenuto il 19 gennaio del 2013, si trova \u00a0nella galera di Bata nella Guinea Equatoriale e che da \u00a040 giorni \u00e8 detenuto in totale isolamento senza poter lasciare la cella nemmeno per l&#8217;ora d&#8217;aria. La storia assurda [&hellip;]<\/p>\n","protected":false},"author":62,"featured_media":143725,"comment_status":"open","ping_status":"closed","sticky":false,"template":"","format":"standard","meta":{"footnotes":""},"categories":[7],"tags":[],"class_list":["post-145973","post","type-post","status-publish","format-standard","has-post-thumbnail","hentry","category-cronaca"],"_links":{"self":[{"href":"https:\/\/www.radioluna.it\/news\/wp-json\/wp\/v2\/posts\/145973","targetHints":{"allow":["GET"]}}],"collection":[{"href":"https:\/\/www.radioluna.it\/news\/wp-json\/wp\/v2\/posts"}],"about":[{"href":"https:\/\/www.radioluna.it\/news\/wp-json\/wp\/v2\/types\/post"}],"author":[{"embeddable":true,"href":"https:\/\/www.radioluna.it\/news\/wp-json\/wp\/v2\/users\/62"}],"replies":[{"embeddable":true,"href":"https:\/\/www.radioluna.it\/news\/wp-json\/wp\/v2\/comments?post=145973"}],"version-history":[{"count":0,"href":"https:\/\/www.radioluna.it\/news\/wp-json\/wp\/v2\/posts\/145973\/revisions"}],"wp:featuredmedia":[{"embeddable":true,"href":"https:\/\/www.radioluna.it\/news\/wp-json\/wp\/v2\/media\/143725"}],"wp:attachment":[{"href":"https:\/\/www.radioluna.it\/news\/wp-json\/wp\/v2\/media?parent=145973"}],"wp:term":[{"taxonomy":"category","embeddable":true,"href":"https:\/\/www.radioluna.it\/news\/wp-json\/wp\/v2\/categories?post=145973"},{"taxonomy":"post_tag","embeddable":true,"href":"https:\/\/www.radioluna.it\/news\/wp-json\/wp\/v2\/tags?post=145973"}],"curies":[{"name":"wp","href":"https:\/\/api.w.org\/{rel}","templated":true}]}}