{"id":146063,"date":"2014-01-30T15:06:25","date_gmt":"2014-01-30T14:06:25","guid":{"rendered":"http:\/\/www.radioluna.it\/news\/?p=146063"},"modified":"2014-01-30T17:33:05","modified_gmt":"2014-01-30T16:33:05","slug":"calcio-verso-avellino-latina-breda-dobbiamo-essere-aggressivi","status":"publish","type":"post","link":"https:\/\/www.radioluna.it\/news\/2014\/01\/calcio-verso-avellino-latina-breda-dobbiamo-essere-aggressivi\/","title":{"rendered":"CALCIO, VERSO AVELLINO-LATINA <BR> Breda: Dobbiamo essere aggressivi"},"content":{"rendered":"<div id=\"fb-root\"><\/div>\n<p><a href=\"http:\/\/www.radioluna.it\/news\/2013\/11\/novara-latina-si-cerca-il-decimo-risultato-utile\/francioni\/\" rel=\"attachment wp-att-143221\"><img loading=\"lazy\" decoding=\"async\" class=\"alignleft size-thumbnail wp-image-143221\" alt=\"francioni\" src=\"http:\/\/www.radioluna.it\/news\/wp-content\/uploads\/2013\/11\/francioni-150x150.jpg\" width=\"150\" height=\"150\" \/><\/a><\/p>\n<p>LATINA- Il Latina \u00e8 partito alle 15 \u00a0per Avellino dove domani sera alle 20,30 affronter\u00e0 gli irpini nella seconda giornata di ritorno del campionato di serie B.\u00a0 E&#8217; una tra le partite di cartello della giornata (insieme ad Empoli-Palermo) a cui il Latina arriva con la consapevolezza della propria forza dopo aver battuto l&#8217;Empoli.\u00a0 Questa mattina dopo la rifinitura che si \u00e8 svolta al Francioni, il tecnico Roberto Breda ha affrontato i temi della sfida.<\/p>\n<p><strong>LE DICHIARAZIONI<\/strong> &lt;L&#8217;Avellino \u00e8 una squadra che in casa ha fatto benissimo, gioca a ritmi alti e con giocatori di personalit\u00e0 e forti. E\u2019 logico che richiede le attenzioni massime, come altre volte. ma siamo consapevoli del nostro valore, dovremmo essere aggressivi e sar\u00e0 fondamentale l&#8217;intensit\u00e0&gt;, ha detto. Gli indisponibili sono Figliomeni, Baldan e poi Jefferson che si \u00e8 infortunato in allenamento (ha una costola rotta) e Chiric\u00f2 per il resto sono tutti a disposizione compresi i nuovi acquisti tra cui anche l&#8217;attaccante Paolucci. La formazione dovrebbe ricalcare a grandi linee quella di sabato scorso contro l&#8217;Empoli ma non sono escluse modifiche.<\/p>\n<p><strong>LA PROBABILE FORMAZIONE<\/strong> In porta Iacobucci, in difesa Brosco, Cottafava ed Esposito, a centrocampo oltre a Morrone e Crimi, non \u00e8 escluso l&#8217;inserimento di Laribi o di Viviani, mentre potrebbe esserci il ballottaggio tra Milani e Ristoski sulla fascia destra, scontato invece sulla sinistra l&#8217;impiego di Alhassan. In avanti oltre a Jonathas, Breda ha diverse opzioni: potrebbe far esordire anche Paolucci in coppia insieme al brasiliano,oppure proporre Cisotti che a La Spezia aveva impressionato o dare fiducia a Ghezzal.<\/p>\n<p style=\"text-align: justify;\"><strong>L&#8217;ARBITRO<\/strong> Arbitra Cervellera di Taranto per lui l&#8217;ultimo precedente con il Latina risale alla partita di campionato a Trapani (1-1).<\/p>\n<p><strong>CORSI E RICORSI STORICI<\/strong> I precedenti negli ultimi anni con l&#8217;Avellino sono molto positivi per i nerazzurri che il 13 febbraio del 2011 (Prima Divisione Lega Pro) espugnarono il Partenio, l&#8217;anno scorso invece pareggiarono per 1-1. Per trovare l&#8217;ultima vittoria irpina bisogna andare indietro nel tempo al primo marzo del 1970 (Serie C), quando i lupi si imposero per 1-0. Dal capoluogo pontino saranno oltre 450 i tifosi nerazzurri che raggiungeranno la Campania.<\/p>\n","protected":false},"excerpt":{"rendered":"<p>LATINA- Il Latina \u00e8 partito alle 15 \u00a0per Avellino dove domani sera alle 20,30 affronter\u00e0 gli irpini nella seconda giornata di ritorno del campionato di serie B.\u00a0 E&#8217; una tra le partite di cartello della giornata (insieme ad Empoli-Palermo) a cui il Latina arriva con la consapevolezza della propria forza dopo aver battuto l&#8217;Empoli.\u00a0 Questa [&hellip;]<\/p>\n","protected":false},"author":60,"featured_media":0,"comment_status":"open","ping_status":"closed","sticky":false,"template":"","format":"standard","meta":{"footnotes":""},"categories":[17],"tags":[],"class_list":["post-146063","post","type-post","status-publish","format-standard","hentry","category-sport"],"_links":{"self":[{"href":"https:\/\/www.radioluna.it\/news\/wp-json\/wp\/v2\/posts\/146063","targetHints":{"allow":["GET"]}}],"collection":[{"href":"https:\/\/www.radioluna.it\/news\/wp-json\/wp\/v2\/posts"}],"about":[{"href":"https:\/\/www.radioluna.it\/news\/wp-json\/wp\/v2\/types\/post"}],"author":[{"embeddable":true,"href":"https:\/\/www.radioluna.it\/news\/wp-json\/wp\/v2\/users\/60"}],"replies":[{"embeddable":true,"href":"https:\/\/www.radioluna.it\/news\/wp-json\/wp\/v2\/comments?post=146063"}],"version-history":[{"count":0,"href":"https:\/\/www.radioluna.it\/news\/wp-json\/wp\/v2\/posts\/146063\/revisions"}],"wp:attachment":[{"href":"https:\/\/www.radioluna.it\/news\/wp-json\/wp\/v2\/media?parent=146063"}],"wp:term":[{"taxonomy":"category","embeddable":true,"href":"https:\/\/www.radioluna.it\/news\/wp-json\/wp\/v2\/categories?post=146063"},{"taxonomy":"post_tag","embeddable":true,"href":"https:\/\/www.radioluna.it\/news\/wp-json\/wp\/v2\/tags?post=146063"}],"curies":[{"name":"wp","href":"https:\/\/api.w.org\/{rel}","templated":true}]}}