{"id":146076,"date":"2014-01-30T19:00:19","date_gmt":"2014-01-30T18:00:19","guid":{"rendered":"http:\/\/www.radioluna.it\/news\/?p=146076"},"modified":"2014-01-31T08:29:58","modified_gmt":"2014-01-31T07:29:58","slug":"il-vescovo-crociata-incontra-la-stampa-la-crisi-si-sente-ma-ce-la-forza-per-superarla","status":"publish","type":"post","link":"https:\/\/www.radioluna.it\/news\/2014\/01\/il-vescovo-crociata-incontra-la-stampa-la-crisi-si-sente-ma-ce-la-forza-per-superarla\/","title":{"rendered":"PRIME IMPRESSIONI DEL VESCOVO <BR> Crociata:&#8221;Societ\u00e0 vitale e forte<br> Impegno per crescita culturale&#8221;"},"content":{"rendered":"<div id=\"fb-root\"><\/div>\n<p style=\"text-align: justify;\"><strong><a href=\"http:\/\/www.radioluna.it\/news\/wp-content\/uploads\/2014\/01\/vescovo-conf-stampa.jpg\"><img loading=\"lazy\" decoding=\"async\" class=\"alignleft size-medium wp-image-146077\" alt=\"vescovo conf stampa\" src=\"http:\/\/www.radioluna.it\/news\/wp-content\/uploads\/2014\/01\/vescovo-conf-stampa-300x225.jpg\" width=\"300\" height=\"225\" \/><\/a>LATINA &#8211;<\/strong> Primo incontro ufficiale del vescovo Mariano Crociata con i giornalisti pontini. Oggi nella sede della Curia in occasione della giornata dedicata al santo protettore della categoria, San Francesco Di Sales, il nuovo Vescovo ha deciso di proseguire un atradizione inaugurata dal suo predecessore monsignor Giuseppe Petrocchi per riferire anche le sue prime impressioni sulla sulla societ\u00e0 e \u00a0sulla Chiesa nel territorio \u00a0della Diocesi che amministra da dicembre. Monsignor Crociata si \u00e8 detto stupito dalla forte vicinanza delle persone alla Chiesa in maniera anche concreta. \u201cColgo vitalit\u00e0 \u2013 ha spiegato &#8211; anche se percepisco in tutti i settori difficolt\u00e0 crescenti. Mi giungono per\u00f2 segnali di una realt\u00e0 capace di resistere e superare la crisi\u201d. Il nuovo vescovo ha parlato positivamente anche della realt\u00e0 ecclesiastica che ha trovato nelle tante parrocchie della diocesi che ha gi\u00e0 visitato. La sfida della crescita culturale come antidoto alla crisi &#8220;perch\u00e9 la crisi economica \u00e8 prima di tutto una crisi culturale e dei valori&#8221;.<\/p>\n<p style=\"text-align: justify;\"><a href=\"http:\/\/www.radioluna.it\/news\/wp-content\/uploads\/2014\/01\/vescovo-crociata.mp3\">vescovo crociata<\/a><\/p>\n<div class=\"radio-posizionamento-telefono-in-articoli-dopo-il-contenuto-articolo radio-entity-placement\" id=\"radio-1750818560\"><div id=\"radio-4143057215\"><a href=\"https:\/\/www.simeoneceramiche.com\/\" aria-label=\"SIMEONE CERAMICHE GIF animata per radioluna_Tavola disegno 1 copia 2 (online-video-cutter.com)\"><img loading=\"lazy\" decoding=\"async\" src=\"https:\/\/www.radioluna.it\/news\/wp-content\/uploads\/2025\/05\/SIMEONE-CERAMICHE-GIF-animata-per-radioluna_Tavola-disegno-1-copia-2-online-video-cutter.com_.gif\" alt=\"\"  width=\"300\" height=\"250\"   \/><\/a><\/div><\/div>","protected":false},"excerpt":{"rendered":"<p>LATINA &#8211; Primo incontro ufficiale del vescovo Mariano Crociata con i giornalisti pontini. Oggi nella sede della Curia in occasione della giornata dedicata al santo protettore della categoria, San Francesco Di Sales, il nuovo Vescovo ha deciso di proseguire un atradizione inaugurata dal suo predecessore monsignor Giuseppe Petrocchi per riferire anche le sue prime impressioni [&hellip;]<\/p>\n","protected":false},"author":62,"featured_media":0,"comment_status":"open","ping_status":"closed","sticky":false,"template":"","format":"standard","meta":{"footnotes":""},"categories":[2310],"tags":[],"class_list":["post-146076","post","type-post","status-publish","format-standard","hentry","category-audio"],"_links":{"self":[{"href":"https:\/\/www.radioluna.it\/news\/wp-json\/wp\/v2\/posts\/146076","targetHints":{"allow":["GET"]}}],"collection":[{"href":"https:\/\/www.radioluna.it\/news\/wp-json\/wp\/v2\/posts"}],"about":[{"href":"https:\/\/www.radioluna.it\/news\/wp-json\/wp\/v2\/types\/post"}],"author":[{"embeddable":true,"href":"https:\/\/www.radioluna.it\/news\/wp-json\/wp\/v2\/users\/62"}],"replies":[{"embeddable":true,"href":"https:\/\/www.radioluna.it\/news\/wp-json\/wp\/v2\/comments?post=146076"}],"version-history":[{"count":0,"href":"https:\/\/www.radioluna.it\/news\/wp-json\/wp\/v2\/posts\/146076\/revisions"}],"wp:attachment":[{"href":"https:\/\/www.radioluna.it\/news\/wp-json\/wp\/v2\/media?parent=146076"}],"wp:term":[{"taxonomy":"category","embeddable":true,"href":"https:\/\/www.radioluna.it\/news\/wp-json\/wp\/v2\/categories?post=146076"},{"taxonomy":"post_tag","embeddable":true,"href":"https:\/\/www.radioluna.it\/news\/wp-json\/wp\/v2\/tags?post=146076"}],"curies":[{"name":"wp","href":"https:\/\/api.w.org\/{rel}","templated":true}]}}