{"id":147039,"date":"2014-02-21T14:31:44","date_gmt":"2014-02-21T13:31:44","guid":{"rendered":"http:\/\/www.radioluna.it\/news\/?p=147039"},"modified":"2014-02-21T14:31:44","modified_gmt":"2014-02-21T13:31:44","slug":"latina-a-lancianobreda-la-posta-in-palio-e-alta","status":"publish","type":"post","link":"https:\/\/www.radioluna.it\/news\/2014\/02\/latina-a-lancianobreda-la-posta-in-palio-e-alta\/","title":{"rendered":"LATINA A LANCIANO<BR>Breda: &#8220;La posta in palio \u00e8 alta&#8221;"},"content":{"rendered":"<div id=\"fb-root\"><\/div>\n<p style=\"text-align: justify;\"><a href=\"http:\/\/www.radioluna.it\/news\/wp-content\/uploads\/2014\/02\/PICT0406.jpg\"><img loading=\"lazy\" decoding=\"async\" class=\"alignleft size-medium wp-image-147040\" alt=\"PICT0406\" src=\"http:\/\/www.radioluna.it\/news\/wp-content\/uploads\/2014\/02\/PICT0406-300x225.jpg\" width=\"300\" height=\"225\" srcset=\"https:\/\/www.radioluna.it\/news\/wp-content\/uploads\/2014\/02\/PICT0406-300x225.jpg 300w, https:\/\/www.radioluna.it\/news\/wp-content\/uploads\/2014\/02\/PICT0406-768x576.jpg 768w, https:\/\/www.radioluna.it\/news\/wp-content\/uploads\/2014\/02\/PICT0406-500x375.jpg 500w, https:\/\/www.radioluna.it\/news\/wp-content\/uploads\/2014\/02\/PICT0406-635x476.jpg 635w, https:\/\/www.radioluna.it\/news\/wp-content\/uploads\/2014\/02\/PICT0406-800x600.jpg 800w, https:\/\/www.radioluna.it\/news\/wp-content\/uploads\/2014\/02\/PICT0406.jpg 1000w\" sizes=\"auto, (max-width: 300px) 100vw, 300px\" \/><\/a>LATINA &#8211;\u00a0Il Latina domani sar\u00e0 impegnato al Guido Biondi (ore 15) dove affronter\u00e0 il Lanciano nella gara valida per la 26esima giornata di campionato, quinta del girone di ritorno. I nerazzurri stamane si sono allenati al Francioni: la rifinitura si \u00e8 svolta a porte chiuse. Per la gara in programma domani, Roberto Breda ha convocato 21 giocatori: della lista non fanno parte Baldan, Figliomeni, Morrone, Laribi e Chiric\u00f2 tutti infortunati, e Massacci per scelta tecnica. Al termine dell&#8217;allenamento ha parlato, come di consuetudine, il tecnico Roberto Breda: \u201cSi tratta di una partita importante sia per noi che per loro \u2013 ha dichiarato l&#8217;allenatore nerazzurro \u2013 La posta in palio \u00e8 alta: il risultato pieno ci lancerebbe ancor di pi\u00f9 in classifica; in una condizione simile si trova anche il Lanciano. Nonostante il peso dei punti, comunque, mi aspetto una gara che entrambe le squadre cercheranno di giocarsi a visto aperto. Abbiamo alcune assenze, \u00e8 vero, ma la rosa che ho a disposizione \u00e8 ampia e mi permette di mandare in campo una squadra, comunque, di grande qualit\u00e0. Sar\u00e0 importante avere l&#8217;atteggiamento giusto, quello che ci ha sempre contraddistinto: ci aspetta una sfida molto difficile, ma abbiamo le caratteristiche per fare bene\u201d.<\/p>\n<p style=\"text-align: justify;\">I CONVOCATI \u2013 Iacobucci, Tozzo, Bruscagin, Cottafava, Brosco, Esposito, Bruno, Viviani, Crimi, Gerbo, Forzati, Ristovski, Nunes, Milani, Alhassan, Ricciardi, Jefferson, Cisotti, Ghezzal, Jonathas, Paolucci<br \/>\nIndisponibili: Baldan, Figliomeni, Laribi, Morrone, Chiric\u00f2<br \/>\nSqualificati: Nessuno<\/p>\n","protected":false},"excerpt":{"rendered":"<p>LATINA &#8211;\u00a0Il Latina domani sar\u00e0 impegnato al Guido Biondi (ore 15) dove affronter\u00e0 il Lanciano nella gara valida per la 26esima giornata di campionato, quinta del girone di ritorno. I nerazzurri stamane si sono allenati al Francioni: la rifinitura si \u00e8 svolta a porte chiuse. Per la gara in programma domani, Roberto Breda ha convocato [&hellip;]<\/p>\n","protected":false},"author":60,"featured_media":147040,"comment_status":"open","ping_status":"closed","sticky":false,"template":"","format":"standard","meta":{"footnotes":""},"categories":[17],"tags":[],"class_list":["post-147039","post","type-post","status-publish","format-standard","has-post-thumbnail","hentry","category-sport"],"_links":{"self":[{"href":"https:\/\/www.radioluna.it\/news\/wp-json\/wp\/v2\/posts\/147039","targetHints":{"allow":["GET"]}}],"collection":[{"href":"https:\/\/www.radioluna.it\/news\/wp-json\/wp\/v2\/posts"}],"about":[{"href":"https:\/\/www.radioluna.it\/news\/wp-json\/wp\/v2\/types\/post"}],"author":[{"embeddable":true,"href":"https:\/\/www.radioluna.it\/news\/wp-json\/wp\/v2\/users\/60"}],"replies":[{"embeddable":true,"href":"https:\/\/www.radioluna.it\/news\/wp-json\/wp\/v2\/comments?post=147039"}],"version-history":[{"count":0,"href":"https:\/\/www.radioluna.it\/news\/wp-json\/wp\/v2\/posts\/147039\/revisions"}],"wp:featuredmedia":[{"embeddable":true,"href":"https:\/\/www.radioluna.it\/news\/wp-json\/wp\/v2\/media\/147040"}],"wp:attachment":[{"href":"https:\/\/www.radioluna.it\/news\/wp-json\/wp\/v2\/media?parent=147039"}],"wp:term":[{"taxonomy":"category","embeddable":true,"href":"https:\/\/www.radioluna.it\/news\/wp-json\/wp\/v2\/categories?post=147039"},{"taxonomy":"post_tag","embeddable":true,"href":"https:\/\/www.radioluna.it\/news\/wp-json\/wp\/v2\/tags?post=147039"}],"curies":[{"name":"wp","href":"https:\/\/api.w.org\/{rel}","templated":true}]}}