{"id":147125,"date":"2014-02-24T08:29:09","date_gmt":"2014-02-24T07:29:09","guid":{"rendered":"http:\/\/www.radioluna.it\/news\/?p=147125"},"modified":"2014-02-24T08:29:09","modified_gmt":"2014-02-24T07:29:09","slug":"lutto-al-memorial-erminio-destro-ciclista-esce-di-strada-e-muore","status":"publish","type":"post","link":"https:\/\/www.radioluna.it\/news\/2014\/02\/lutto-al-memorial-erminio-destro-ciclista-esce-di-strada-e-muore\/","title":{"rendered":"LUTTO AL MEMORIAL ERMINIO DESTRO<BR> Ciclista esce di strada e muore"},"content":{"rendered":"<div id=\"fb-root\"><\/div>\n<p style=\"text-align: justify;\"><a href=\"http:\/\/www.radioluna.it\/news\/wp-content\/uploads\/2013\/03\/Erminio-Destro.jpg\"><img loading=\"lazy\" decoding=\"async\" class=\" wp-image-132727 alignleft\" alt=\"Erminio Destro\" src=\"http:\/\/www.radioluna.it\/news\/wp-content\/uploads\/2013\/03\/Erminio-Destro.jpg\" width=\"369\" height=\"207\" srcset=\"https:\/\/www.radioluna.it\/news\/wp-content\/uploads\/2013\/03\/Erminio-Destro.jpg 768w, https:\/\/www.radioluna.it\/news\/wp-content\/uploads\/2013\/03\/Erminio-Destro-300x169.jpg 300w, https:\/\/www.radioluna.it\/news\/wp-content\/uploads\/2013\/03\/Erminio-Destro-500x281.jpg 500w\" sizes=\"auto, (max-width: 369px) 100vw, 369px\" \/><\/a>LATINA &#8211;\u00a0Lutto al memorial ciclistico Erminio Destro domenica \u00a0per la tragica morte di uno dei partecipanti alla gara. A pochi metri dal traguardo, \u00a0in volata, per ragioni ancora da chiarire, il gruppo della seconda partenza composto da circa ottanta persone che pedalavano vicine si \u00e8 scomposto, qualcuno \u00e8 caduto, mentre Giancarlo Garofalo, 55 anni di Nettuno, \u00e8 finito improvvisamente fuori strada contro un cartellone pubblicitario e per la violenza del colpo poco dopo \u00e8 morto all&#8217;ospedale di Latina. L\u2019incidente \u00e8 avvenuto a Borgo Sabotino.<\/p>\n<div class=\"radio-posizionamento-telefono-in-articoli-dopo-il-contenuto-articolo radio-entity-placement\" id=\"radio-967350644\"><div id=\"radio-3347324525\"><a href=\"https:\/\/grupporedi.it\/\" aria-label=\"Redi-Qr\"><img loading=\"lazy\" decoding=\"async\" src=\"https:\/\/www.radioluna.it\/news\/wp-content\/uploads\/2026\/03\/Redi-Qr.jpg\" alt=\"\"  srcset=\"https:\/\/www.radioluna.it\/news\/wp-content\/uploads\/2026\/03\/Redi-Qr.jpg 800w, https:\/\/www.radioluna.it\/news\/wp-content\/uploads\/2026\/03\/Redi-Qr-768x639.jpg 768w\" sizes=\"(max-width: 800px) 100vw, 800px\" width=\"300\" height=\"250\"   \/><\/a><\/div><\/div>","protected":false},"excerpt":{"rendered":"<p>LATINA &#8211;\u00a0Lutto al memorial ciclistico Erminio Destro domenica \u00a0per la tragica morte di uno dei partecipanti alla gara. A pochi metri dal traguardo, \u00a0in volata, per ragioni ancora da chiarire, il gruppo della seconda partenza composto da circa ottanta persone che pedalavano vicine si \u00e8 scomposto, qualcuno \u00e8 caduto, mentre Giancarlo Garofalo, 55 anni di [&hellip;]<\/p>\n","protected":false},"author":62,"featured_media":132727,"comment_status":"open","ping_status":"closed","sticky":false,"template":"","format":"standard","meta":{"footnotes":""},"categories":[7],"tags":[],"class_list":["post-147125","post","type-post","status-publish","format-standard","has-post-thumbnail","hentry","category-cronaca"],"_links":{"self":[{"href":"https:\/\/www.radioluna.it\/news\/wp-json\/wp\/v2\/posts\/147125","targetHints":{"allow":["GET"]}}],"collection":[{"href":"https:\/\/www.radioluna.it\/news\/wp-json\/wp\/v2\/posts"}],"about":[{"href":"https:\/\/www.radioluna.it\/news\/wp-json\/wp\/v2\/types\/post"}],"author":[{"embeddable":true,"href":"https:\/\/www.radioluna.it\/news\/wp-json\/wp\/v2\/users\/62"}],"replies":[{"embeddable":true,"href":"https:\/\/www.radioluna.it\/news\/wp-json\/wp\/v2\/comments?post=147125"}],"version-history":[{"count":0,"href":"https:\/\/www.radioluna.it\/news\/wp-json\/wp\/v2\/posts\/147125\/revisions"}],"wp:featuredmedia":[{"embeddable":true,"href":"https:\/\/www.radioluna.it\/news\/wp-json\/wp\/v2\/media\/132727"}],"wp:attachment":[{"href":"https:\/\/www.radioluna.it\/news\/wp-json\/wp\/v2\/media?parent=147125"}],"wp:term":[{"taxonomy":"category","embeddable":true,"href":"https:\/\/www.radioluna.it\/news\/wp-json\/wp\/v2\/categories?post=147125"},{"taxonomy":"post_tag","embeddable":true,"href":"https:\/\/www.radioluna.it\/news\/wp-json\/wp\/v2\/tags?post=147125"}],"curies":[{"name":"wp","href":"https:\/\/api.w.org\/{rel}","templated":true}]}}