{"id":147431,"date":"2014-03-01T17:39:32","date_gmt":"2014-03-01T16:39:32","guid":{"rendered":"http:\/\/www.radioluna.it\/news\/?p=147431"},"modified":"2014-03-02T08:27:58","modified_gmt":"2014-03-02T07:27:58","slug":"calcio-il-latina-e-quinto-i-risultati-pontini-con-la-miglior-difesa-della-b","status":"publish","type":"post","link":"https:\/\/www.radioluna.it\/news\/2014\/03\/calcio-il-latina-e-quinto-i-risultati-pontini-con-la-miglior-difesa-della-b\/","title":{"rendered":"CALCIO: IL LATINA E&#8217; QUINTO, I RISULTATI <BR> Pontini con la miglior difesa della B"},"content":{"rendered":"<div id=\"fb-root\"><\/div>\n<p style=\"text-align: justify;\" align=\"LEFT\"><span style=\"color: #000000;\"><span style=\"font-family: Arial, Arial, sans-serif;\"><span style=\"font-size: small;\"><strong><img loading=\"lazy\" decoding=\"async\" class=\"aligncenter size-thumbnail wp-image-147405\" alt=\"\" src=\"http:\/\/www.radioluna.it\/news\/wp-content\/uploads\/2014\/03\/Jonathas-autore-dell1-0-del-Latina-635x423.jpg\" width=\"635\" height=\"423\" srcset=\"https:\/\/www.radioluna.it\/news\/wp-content\/uploads\/2014\/03\/Jonathas-autore-dell1-0-del-Latina-635x423.jpg 635w, https:\/\/www.radioluna.it\/news\/wp-content\/uploads\/2014\/03\/Jonathas-autore-dell1-0-del-Latina-500x333.jpg 500w, https:\/\/www.radioluna.it\/news\/wp-content\/uploads\/2014\/03\/Jonathas-autore-dell1-0-del-Latina-600x400.jpg 600w, https:\/\/www.radioluna.it\/news\/wp-content\/uploads\/2014\/03\/Jonathas-autore-dell1-0-del-Latina-300x200.jpg 300w, https:\/\/www.radioluna.it\/news\/wp-content\/uploads\/2014\/03\/Jonathas-autore-dell1-0-del-Latina.jpg 750w\" sizes=\"auto, (max-width: 635px) 100vw, 635px\" \/>LATINA &#8211;<\/strong> Dal terzo al quinto posto, il Latina scivola di due posizioni ma resta saldamente \u00a0in piena corsa per i play off dopo i risultati della 27esima giornata in attesa del posticipo alle 18 tra Avellino e Pescara. Il giorno dopo il netto successo sul Padova per 3-0 \u00a0l&#8217;entusiasmo continua ad essere contagioso tra i tifosi, cos\u00ec come la fiducia in una squadra che inizia a far sognare sempre di pi\u00f9. La forza della squadra \u00e8 il gruppo ha sempre sostenuto Breda ma affonda le radici in una difesa di ferro che da oggi \u00e8 prima nella classifica dei minor gol subiti (20) anche se in condominio con il Palermo. &lt;La nostra difesa e il fatto che prendiamo pochi gol \u2013 ha detto l&#8217;allenatore nerazzurro Roberto Breda dopo il match \u2013 \u00e8 il nostro marchio di fabbrica&gt;. Da segnalare inoltre anche i segnali positivi che sono arrivati oltre che da Viviani, tra i migliori in campo e convocato dall&#8217;Under 21 di Biagio anche dal bomber brasiliano Jonathas che con la doppietta di ieri ha raggiunto la doppia cifra (10 gol). Questi i risultati della giornata e la classifica.<\/span><\/span><\/span><\/p>\n<p style=\"text-align: justify;\">Brescia-Carpi 0-2<\/p>\n<p style=\"text-align: justify;\">Cesena-Trapani 2-2<\/p>\n<p style=\"text-align: justify;\"><span style=\"color: #222222;\"><span style=\"font-family: HelveticaNeue, 'Helvetica Neue', Helvetica, Arial, sans-serif;\"><span>Cittadella-Novara 2-2<\/span><\/span><\/span><\/p>\n<p style=\"text-align: justify;\"><span style=\"color: #222222;\"><span style=\"font-family: HelveticaNeue, 'Helvetica Neue', Helvetica, Arial, sans-serif;\"><span>Lanciano-Juve Stabia 1-0<br \/>\n<\/span><\/span><\/span><\/p>\n<p style=\"text-align: justify;\">Modena-Crotone 2-0<\/p>\n<p style=\"text-align: justify;\"><span style=\"color: #222222;\"><span style=\"font-family: HelveticaNeue, 'Helvetica Neue', Helvetica, Arial, sans-serif;\"><span>Palermo-Bari 2-1<br \/>\n<\/span><\/span><\/span><\/p>\n<p style=\"text-align: justify;\">Reggina-Varese 3.4<\/p>\n<p style=\"text-align: justify;\">Siena-Empoli 1-1<\/p>\n<p style=\"text-align: justify;\">Spezia-Ternana 2-2<\/p>\n<p style=\"text-align: justify;\"><span style=\"color: #222222;\"><span style=\"font-family: HelveticaNeue, 'Helvetica Neue', Helvetica, Arial, sans-serif;\">La classifica<\/span><\/span><\/p>\n<p style=\"text-align: justify;\"><span style=\"color: #222222;\"><span style=\"font-family: HelveticaNeue, 'Helvetica Neue', Helvetica, Arial, sans-serif;\"><span>Palermo 50; Empoli 46; Lanciano 44; Cesena 43; Latina, Trapani 42; Avellino 40; Crotone 39; Carpi 38; Brescia 37; Siena (-7), Varese 36; Modena 35; Pescara 34; Ternana 31; Bari 29; Novara 28; Cittadella 23; Reggina 22; Padova 21; Juve Stabia 15.<\/span><\/span><\/span><\/p>\n","protected":false},"excerpt":{"rendered":"<p>LATINA &#8211; Dal terzo al quinto posto, il Latina scivola di due posizioni ma resta saldamente \u00a0in piena corsa per i play off dopo i risultati della 27esima giornata in attesa del posticipo alle 18 tra Avellino e Pescara. Il giorno dopo il netto successo sul Padova per 3-0 \u00a0l&#8217;entusiasmo continua ad essere contagioso tra [&hellip;]<\/p>\n","protected":false},"author":60,"featured_media":144626,"comment_status":"open","ping_status":"closed","sticky":false,"template":"","format":"standard","meta":{"footnotes":""},"categories":[17],"tags":[],"class_list":["post-147431","post","type-post","status-publish","format-standard","has-post-thumbnail","hentry","category-sport"],"_links":{"self":[{"href":"https:\/\/www.radioluna.it\/news\/wp-json\/wp\/v2\/posts\/147431","targetHints":{"allow":["GET"]}}],"collection":[{"href":"https:\/\/www.radioluna.it\/news\/wp-json\/wp\/v2\/posts"}],"about":[{"href":"https:\/\/www.radioluna.it\/news\/wp-json\/wp\/v2\/types\/post"}],"author":[{"embeddable":true,"href":"https:\/\/www.radioluna.it\/news\/wp-json\/wp\/v2\/users\/60"}],"replies":[{"embeddable":true,"href":"https:\/\/www.radioluna.it\/news\/wp-json\/wp\/v2\/comments?post=147431"}],"version-history":[{"count":0,"href":"https:\/\/www.radioluna.it\/news\/wp-json\/wp\/v2\/posts\/147431\/revisions"}],"wp:featuredmedia":[{"embeddable":true,"href":"https:\/\/www.radioluna.it\/news\/wp-json\/wp\/v2\/media\/144626"}],"wp:attachment":[{"href":"https:\/\/www.radioluna.it\/news\/wp-json\/wp\/v2\/media?parent=147431"}],"wp:term":[{"taxonomy":"category","embeddable":true,"href":"https:\/\/www.radioluna.it\/news\/wp-json\/wp\/v2\/categories?post=147431"},{"taxonomy":"post_tag","embeddable":true,"href":"https:\/\/www.radioluna.it\/news\/wp-json\/wp\/v2\/tags?post=147431"}],"curies":[{"name":"wp","href":"https:\/\/api.w.org\/{rel}","templated":true}]}}