{"id":147447,"date":"2014-03-03T08:22:58","date_gmt":"2014-03-03T07:22:58","guid":{"rendered":"http:\/\/www.radioluna.it\/news\/?p=147447"},"modified":"2014-03-03T08:22:58","modified_gmt":"2014-03-03T07:22:58","slug":"perin-convocato-in-nazionale-il-portiere-di-latina-nella-lista-di-prandelli","status":"publish","type":"post","link":"https:\/\/www.radioluna.it\/news\/2014\/03\/perin-convocato-in-nazionale-il-portiere-di-latina-nella-lista-di-prandelli\/","title":{"rendered":"PERIN CONVOCATO IN NAZIONALE<BR> Il portiere di Latina nella lista di Prandelli"},"content":{"rendered":"<div id=\"fb-root\"><\/div>\n<div id=\"attachment_147448\" style=\"width: 645px\" class=\"wp-caption aligncenter\"><img loading=\"lazy\" decoding=\"async\" aria-describedby=\"caption-attachment-147448\" class=\"size-full wp-image-147448\" alt=\"Mattia Perin tra DavideTosi e Pietro Giannelli in una discoteca pontina\" src=\"http:\/\/www.radioluna.it\/news\/wp-content\/uploads\/2014\/03\/Mattia-Perin-tra-Davide-Tosi-e-Pietro-Giannelli.jpg\" width=\"635\" height=\"349\" srcset=\"https:\/\/www.radioluna.it\/news\/wp-content\/uploads\/2014\/03\/Mattia-Perin-tra-Davide-Tosi-e-Pietro-Giannelli.jpg 635w, https:\/\/www.radioluna.it\/news\/wp-content\/uploads\/2014\/03\/Mattia-Perin-tra-Davide-Tosi-e-Pietro-Giannelli-300x165.jpg 300w, https:\/\/www.radioluna.it\/news\/wp-content\/uploads\/2014\/03\/Mattia-Perin-tra-Davide-Tosi-e-Pietro-Giannelli-500x275.jpg 500w\" sizes=\"auto, (max-width: 635px) 100vw, 635px\" \/><p id=\"caption-attachment-147448\" class=\"wp-caption-text\">Mattia Perin tra DavideTosi e Pietro Giannelli in una discoteca pontina<\/p><\/div>\n<p style=\"text-align: justify;\">LATINA &#8211;\u00a0Mattia Perin il portiere di Latina sar\u00e0 vice di Buffon in nazionale,. Il giocatore del Genoa nato e cresciuto nel capoluogo \u00e8 stato convocato da Cesare Prandelli in vista della sfida di mercoled\u00ec contro la Spagna.. Una sorpresa per l\u2019estremo difensore, che ha 21 anni ed \u00e8 stato \u00a0protagonista in questo campionato. Perin era stato nella lista dei convocati per la nazionale maggiore anche il 15 agosto, a Berna, per l\u2019amichevole con l\u2019Inghilterra.<\/p>\n","protected":false},"excerpt":{"rendered":"<p>LATINA &#8211;\u00a0Mattia Perin il portiere di Latina sar\u00e0 vice di Buffon in nazionale,. Il giocatore del Genoa nato e cresciuto nel capoluogo \u00e8 stato convocato da Cesare Prandelli in vista della sfida di mercoled\u00ec contro la Spagna.. Una sorpresa per l\u2019estremo difensore, che ha 21 anni ed \u00e8 stato \u00a0protagonista in questo campionato. Perin era [&hellip;]<\/p>\n","protected":false},"author":62,"featured_media":147448,"comment_status":"open","ping_status":"closed","sticky":false,"template":"","format":"standard","meta":{"footnotes":""},"categories":[17],"tags":[],"class_list":["post-147447","post","type-post","status-publish","format-standard","has-post-thumbnail","hentry","category-sport"],"_links":{"self":[{"href":"https:\/\/www.radioluna.it\/news\/wp-json\/wp\/v2\/posts\/147447","targetHints":{"allow":["GET"]}}],"collection":[{"href":"https:\/\/www.radioluna.it\/news\/wp-json\/wp\/v2\/posts"}],"about":[{"href":"https:\/\/www.radioluna.it\/news\/wp-json\/wp\/v2\/types\/post"}],"author":[{"embeddable":true,"href":"https:\/\/www.radioluna.it\/news\/wp-json\/wp\/v2\/users\/62"}],"replies":[{"embeddable":true,"href":"https:\/\/www.radioluna.it\/news\/wp-json\/wp\/v2\/comments?post=147447"}],"version-history":[{"count":0,"href":"https:\/\/www.radioluna.it\/news\/wp-json\/wp\/v2\/posts\/147447\/revisions"}],"wp:featuredmedia":[{"embeddable":true,"href":"https:\/\/www.radioluna.it\/news\/wp-json\/wp\/v2\/media\/147448"}],"wp:attachment":[{"href":"https:\/\/www.radioluna.it\/news\/wp-json\/wp\/v2\/media?parent=147447"}],"wp:term":[{"taxonomy":"category","embeddable":true,"href":"https:\/\/www.radioluna.it\/news\/wp-json\/wp\/v2\/categories?post=147447"},{"taxonomy":"post_tag","embeddable":true,"href":"https:\/\/www.radioluna.it\/news\/wp-json\/wp\/v2\/tags?post=147447"}],"curies":[{"name":"wp","href":"https:\/\/api.w.org\/{rel}","templated":true}]}}