{"id":147510,"date":"2014-03-04T11:28:16","date_gmt":"2014-03-04T10:28:16","guid":{"rendered":"http:\/\/www.radioluna.it\/news\/?p=147510"},"modified":"2014-03-04T11:48:32","modified_gmt":"2014-03-04T10:48:32","slug":"nardi-in-arrivo-a-fiumicino-lalpinista-di-sezze-torna-a-casa","status":"publish","type":"post","link":"https:\/\/www.radioluna.it\/news\/2014\/03\/nardi-in-arrivo-a-fiumicino-lalpinista-di-sezze-torna-a-casa\/","title":{"rendered":"NARDI IN ARRIVO A FIUMICINO<BR> L&#8217;alpinista di Sezze torna a casa"},"content":{"rendered":"<div id=\"fb-root\"><\/div>\n<div id=\"attachment_147516\" style=\"width: 645px\" class=\"wp-caption aligncenter\"><img loading=\"lazy\" decoding=\"async\" aria-describedby=\"caption-attachment-147516\" class=\"size-thumbnail wp-image-147516\" alt=\"Daniele Nardi in una foto dal suo blog\" src=\"http:\/\/www.radioluna.it\/news\/wp-content\/uploads\/2014\/03\/daniele1-635x476.jpg\" width=\"635\" height=\"476\" srcset=\"https:\/\/www.radioluna.it\/news\/wp-content\/uploads\/2014\/03\/daniele1-635x476.jpg 635w, https:\/\/www.radioluna.it\/news\/wp-content\/uploads\/2014\/03\/daniele1-768x576.jpg 768w, https:\/\/www.radioluna.it\/news\/wp-content\/uploads\/2014\/03\/daniele1-500x375.jpg 500w, https:\/\/www.radioluna.it\/news\/wp-content\/uploads\/2014\/03\/daniele1-300x225.jpg 300w, https:\/\/www.radioluna.it\/news\/wp-content\/uploads\/2014\/03\/daniele1-1024x768.jpg 1024w, https:\/\/www.radioluna.it\/news\/wp-content\/uploads\/2014\/03\/daniele1-800x600.jpg 800w, https:\/\/www.radioluna.it\/news\/wp-content\/uploads\/2014\/03\/daniele1.jpg 1000w\" sizes=\"auto, (max-width: 635px) 100vw, 635px\" \/><p id=\"caption-attachment-147516\" class=\"wp-caption-text\">Daniele Nardi in una foto dal suo blog<\/p><\/div>\n<p style=\"text-align: justify;\">LATINA &#8211; E&#8217; previsto per il pomeriggio di oggi il rientro di Daniele Nardi in Italia. L&#8217;aereo che riporter\u00e0 in patria l&#8217;alpinista di Sezze atterrer\u00e0 alle 18:45 all&#8217;aeroporto Leonardo Da Vinci di Fiumicino. Si chiude cos\u00ec, dopo 46 giorni trascorsi al Campo Base , una vetta scalata in solitaria ed un tentativo sulla Kinshofer Route,\u00a0la spedizione Nanga Parbat Winter 2014. L&#8217;alpinista di Sezze ne parler\u00e0 \u00a0in una conferenza stampa in programma a Roma l&#8217;11 marzo alle 10 da \u00a0Babette via Margutta, 1. L&#8217;impresa si \u00e8 interrotta a causa delle\u00a0\u00a0condizioni proibitive trovate sul versante Diamir<span style=\"line-height: 1.5em;\">.<\/span><\/p>\n<p style=\"text-align: justify;\">\n","protected":false},"excerpt":{"rendered":"<p>LATINA &#8211; E&#8217; previsto per il pomeriggio di oggi il rientro di Daniele Nardi in Italia. L&#8217;aereo che riporter\u00e0 in patria l&#8217;alpinista di Sezze atterrer\u00e0 alle 18:45 all&#8217;aeroporto Leonardo Da Vinci di Fiumicino. Si chiude cos\u00ec, dopo 46 giorni trascorsi al Campo Base , una vetta scalata in solitaria ed un tentativo sulla Kinshofer Route,\u00a0la [&hellip;]<\/p>\n","protected":false},"author":62,"featured_media":147515,"comment_status":"open","ping_status":"closed","sticky":false,"template":"","format":"standard","meta":{"footnotes":""},"categories":[735,17],"tags":[],"class_list":["post-147510","post","type-post","status-publish","format-standard","has-post-thumbnail","hentry","category-attualita","category-sport"],"_links":{"self":[{"href":"https:\/\/www.radioluna.it\/news\/wp-json\/wp\/v2\/posts\/147510","targetHints":{"allow":["GET"]}}],"collection":[{"href":"https:\/\/www.radioluna.it\/news\/wp-json\/wp\/v2\/posts"}],"about":[{"href":"https:\/\/www.radioluna.it\/news\/wp-json\/wp\/v2\/types\/post"}],"author":[{"embeddable":true,"href":"https:\/\/www.radioluna.it\/news\/wp-json\/wp\/v2\/users\/62"}],"replies":[{"embeddable":true,"href":"https:\/\/www.radioluna.it\/news\/wp-json\/wp\/v2\/comments?post=147510"}],"version-history":[{"count":0,"href":"https:\/\/www.radioluna.it\/news\/wp-json\/wp\/v2\/posts\/147510\/revisions"}],"wp:featuredmedia":[{"embeddable":true,"href":"https:\/\/www.radioluna.it\/news\/wp-json\/wp\/v2\/media\/147515"}],"wp:attachment":[{"href":"https:\/\/www.radioluna.it\/news\/wp-json\/wp\/v2\/media?parent=147510"}],"wp:term":[{"taxonomy":"category","embeddable":true,"href":"https:\/\/www.radioluna.it\/news\/wp-json\/wp\/v2\/categories?post=147510"},{"taxonomy":"post_tag","embeddable":true,"href":"https:\/\/www.radioluna.it\/news\/wp-json\/wp\/v2\/tags?post=147510"}],"curies":[{"name":"wp","href":"https:\/\/api.w.org\/{rel}","templated":true}]}}