{"id":147663,"date":"2014-03-07T10:45:20","date_gmt":"2014-03-07T09:45:20","guid":{"rendered":"http:\/\/www.radioluna.it\/news\/?p=147663"},"modified":"2014-03-07T10:45:20","modified_gmt":"2014-03-07T09:45:20","slug":"incontro-con-il-fotoreporter-factory10-ospita-francesco-alesi","status":"publish","type":"post","link":"https:\/\/www.radioluna.it\/news\/2014\/03\/incontro-con-il-fotoreporter-factory10-ospita-francesco-alesi\/","title":{"rendered":"INCONTRO CON IL FOTOREPORTER<BR> Factory10 ospita Francesco Alesi"},"content":{"rendered":"<div id=\"fb-root\"><\/div>\n<p style=\"text-align: justify;\"><strong><img loading=\"lazy\" decoding=\"async\" class=\"aligncenter size-thumbnail wp-image-147666\" alt=\"Francesco Alesi 2\" src=\"http:\/\/www.radioluna.it\/news\/wp-content\/uploads\/2014\/03\/Francesco-Alesi-2-635x441.jpg\" width=\"635\" height=\"441\" srcset=\"https:\/\/www.radioluna.it\/news\/wp-content\/uploads\/2014\/03\/Francesco-Alesi-2-635x441.jpg 635w, https:\/\/www.radioluna.it\/news\/wp-content\/uploads\/2014\/03\/Francesco-Alesi-2-300x209.jpg 300w, https:\/\/www.radioluna.it\/news\/wp-content\/uploads\/2014\/03\/Francesco-Alesi-2-768x534.jpg 768w, https:\/\/www.radioluna.it\/news\/wp-content\/uploads\/2014\/03\/Francesco-Alesi-2-1024x712.jpg 1024w, https:\/\/www.radioluna.it\/news\/wp-content\/uploads\/2014\/03\/Francesco-Alesi-2-500x348.jpg 500w, https:\/\/www.radioluna.it\/news\/wp-content\/uploads\/2014\/03\/Francesco-Alesi-2-800x556.jpg 800w, https:\/\/www.radioluna.it\/news\/wp-content\/uploads\/2014\/03\/Francesco-Alesi-2.jpg 1000w\" sizes=\"auto, (max-width: 635px) 100vw, 635px\" \/>LATINA<\/strong> &#8211;\u00a0Domenica 9 Marzo alle \u00a018:00 \u00a0Factory10 (in via Boi,1)\u00a0ospita Francesco Alesi nel consueto appuntamento del Photocaf\u00e8 per parlare di storie, esperienze, persone, aneddoti, luoghi, emozioni, di Fotoreportage e di linguaggio fotografico. Vincitore di\u00a0prestigiosi premi, pubblicato su riviste di calibro internazionale, quello che colpisce di Francesco Alesi \u00e8 la &#8220;sconfinata passione e la capacit\u00e0 di coinvolgere le persone con il suo genuino entusiasmo. Ci \u00e8 capitato tante volte di rimanere a parlare con lui, dimenticandoci del tempo che passava &#8211; \u00a0dicono da Factory &#8211;\u00a0<span style=\"line-height: 1.5em;\">Forse \u00e8 proprio questo che rende i suoi reportage cos\u00ec piacevolmente coinvolgenti: il suo lavoro \u00e8 principalmente il frutto di una passione e di un\u2019umanit\u00e0 che \u00e8 difficile ritrovare in tanti blasonati \u201cprofessionisti\u201d.\u00a0<\/span>Alesi \u00e8 anche uno sperimentatore che utilizza per i suoi lavori anche il video e la musica.<\/p>\n<p style=\"text-align: justify;\"><span style=\"line-height: 1.5em;\">L\u2019evento di domenica \u00e8 gratuito ed aperto a tutti.<\/span><\/p>\n<p style=\"text-align: justify;\"><strong>CHI E&#8217; ALESI<\/strong> &#8211;\u00a0Francesco Alesi &#8211; Nato nel 1975 a Roma, dove vive attualmente. Dopo aver lavorato per tre anni e mezzo come poliziotto, lascia l&#8217;uniforme per iscriversi presso l&#8217;Universit\u00e0 &#8220;La Sapienza &#8221; di Roma per conseguire un Master in filosofia nel 2006. Nel 2007 si trasferisce a Galway, in Irlanda, e lavora in una libreria di seconda mano; l\u00ec lavora anche come corrispondente per giornali italiani. Nel 2009 consegue un Master in fotogiornalismo presso l&#8217;Universit\u00e0 di Westminster a Londra con un grande progetto sulla comunit\u00e0 dei nomadi in Irlanda. Nel 2009 si trasferisce di nuovo a Roma e inizia la carriera da freelance. Inizia quindi la collaborazione, che prosegue tuttora, con ONG come Greenpeace, Amnesty International, ActionAid e WWF. Le sue fotografie sono state pubblicate sul Times irlandese, il British Journal of Photography e il Washington Post on-line, nonch\u00e9 sui principali quotidiani italiani e riviste, tra cui il sito Foto8, Internazionale, L&#8217;Espresso, La Repubblica, Il Manifesto, l\u2019Unit\u00e0, Il Fatto Quotidiano, Il Messaggero, Il Tempo. Nel 2010, vince il primo premio e il premio della giuria al Festival di Capodarco con il lavoro multimediale &#8220;Campania d&#8217; Africa&#8221;, premio speciale della giuria al 10th DAYS JAPAN International Photojournalism Awards (prestigioso concorso di foto giornalismo internazionale).<\/p>\n<p style=\"text-align: justify;\"><strong>CHE COSA E&#8217; FACTORY10<\/strong> &#8211; \u00a0\u00e8 un\u2019associazione culturale che nasce a Latina a gennaio 2010 con l\u2019obiettivo di diffondere la fotografia come forma d\u2019espressione artistica e ricerca personale. La creazione di uno spazio con uso esclusivo ed attrezzato per mostre, video-proiezioni, lezioni in aula, sala di posa, permette la realizzazione di eventi con lo scopo unico di trasmettere la passione della fotografia e la curiosit\u00e0 che, giorno dopo giorno, sollecita la voglia di migliorarsi. Factory10 mette a disposizione ampi spazi per la promozione di ogni forma culturale: l\u2019intento quello di ascoltare sempre le proposte e i suggerimenti di tutti. Il socio ideale colui che vuole arricchire il proprio bagaglio personale nell\u2019ambito della fotografia con il desiderio di migliorarsi e dare un concreto supporto alla crescita dell\u2019associazione. Info www.factory10.it<span style=\"line-height: 1.5em;\">\u00a0<\/span><\/p>\n<div>\u00a0<i>Contatti:<\/i><\/div>\n<div><a href=\"mailto:info@factory10.it\"><i>info@factory10.it<\/i><\/a><\/div>\n<div><i>0773 1761809<\/i><\/div>\n<div><a href=\"http:\/\/www.factory10.it\/\"><i>www.factory10.it<\/i><\/a><i>\u00a0<\/i><\/div>\n<p>&nbsp;<\/p>\n<p>&nbsp;<\/p>\n","protected":false},"excerpt":{"rendered":"<p>LATINA &#8211;\u00a0Domenica 9 Marzo alle \u00a018:00 \u00a0Factory10 (in via Boi,1)\u00a0ospita Francesco Alesi nel consueto appuntamento del Photocaf\u00e8 per parlare di storie, esperienze, persone, aneddoti, luoghi, emozioni, di Fotoreportage e di linguaggio fotografico. Vincitore di\u00a0prestigiosi premi, pubblicato su riviste di calibro internazionale, quello che colpisce di Francesco Alesi \u00e8 la &#8220;sconfinata passione e la capacit\u00e0 di [&hellip;]<\/p>\n","protected":false},"author":62,"featured_media":147666,"comment_status":"open","ping_status":"closed","sticky":false,"template":"","format":"standard","meta":{"footnotes":""},"categories":[16],"tags":[],"class_list":["post-147663","post","type-post","status-publish","format-standard","has-post-thumbnail","hentry","category-appuntamenti"],"_links":{"self":[{"href":"https:\/\/www.radioluna.it\/news\/wp-json\/wp\/v2\/posts\/147663","targetHints":{"allow":["GET"]}}],"collection":[{"href":"https:\/\/www.radioluna.it\/news\/wp-json\/wp\/v2\/posts"}],"about":[{"href":"https:\/\/www.radioluna.it\/news\/wp-json\/wp\/v2\/types\/post"}],"author":[{"embeddable":true,"href":"https:\/\/www.radioluna.it\/news\/wp-json\/wp\/v2\/users\/62"}],"replies":[{"embeddable":true,"href":"https:\/\/www.radioluna.it\/news\/wp-json\/wp\/v2\/comments?post=147663"}],"version-history":[{"count":0,"href":"https:\/\/www.radioluna.it\/news\/wp-json\/wp\/v2\/posts\/147663\/revisions"}],"wp:featuredmedia":[{"embeddable":true,"href":"https:\/\/www.radioluna.it\/news\/wp-json\/wp\/v2\/media\/147666"}],"wp:attachment":[{"href":"https:\/\/www.radioluna.it\/news\/wp-json\/wp\/v2\/media?parent=147663"}],"wp:term":[{"taxonomy":"category","embeddable":true,"href":"https:\/\/www.radioluna.it\/news\/wp-json\/wp\/v2\/categories?post=147663"},{"taxonomy":"post_tag","embeddable":true,"href":"https:\/\/www.radioluna.it\/news\/wp-json\/wp\/v2\/tags?post=147663"}],"curies":[{"name":"wp","href":"https:\/\/api.w.org\/{rel}","templated":true}]}}