{"id":147726,"date":"2014-03-08T08:03:52","date_gmt":"2014-03-08T07:03:52","guid":{"rendered":"http:\/\/www.radioluna.it\/news\/?p=147726"},"modified":"2014-03-08T09:26:00","modified_gmt":"2014-03-08T08:26:00","slug":"latina-tensioni-in-maggioranza-fratelli-ditalia-boccia-le-mosse-del-ncd","status":"publish","type":"post","link":"https:\/\/www.radioluna.it\/news\/2014\/03\/latina-tensioni-in-maggioranza-fratelli-ditalia-boccia-le-mosse-del-ncd\/","title":{"rendered":"LATINA, TENSIONI IN MAGGIORANZA<BR> Fratelli d&#8217;Italia boccia le mosse del NCD"},"content":{"rendered":"<div id=\"fb-root\"><\/div>\n<div id=\"attachment_112832\" style=\"width: 650px\" class=\"wp-caption aligncenter\"><img loading=\"lazy\" decoding=\"async\" aria-describedby=\"caption-attachment-112832\" class=\"size-full wp-image-112832\" alt=\"Il Presidente del Consiglio, Nicola Calandini\" src=\"http:\/\/www.radioluna.it\/news\/wp-content\/uploads\/2011\/12\/cALANDRINI-2.jpg\" width=\"640\" height=\"480\" srcset=\"https:\/\/www.radioluna.it\/news\/wp-content\/uploads\/2011\/12\/cALANDRINI-2.jpg 640w, https:\/\/www.radioluna.it\/news\/wp-content\/uploads\/2011\/12\/cALANDRINI-2-300x225.jpg 300w, https:\/\/www.radioluna.it\/news\/wp-content\/uploads\/2011\/12\/cALANDRINI-2-500x375.jpg 500w\" sizes=\"auto, (max-width: 640px) 100vw, 640px\" \/><p id=\"caption-attachment-112832\" class=\"wp-caption-text\">Il Presidente del Consiglio, Nicola Calandini<\/p><\/div>\n<p style=\"text-align: justify;\">LATINA &#8211;\u00a0<span style=\"line-height: 1.5em;\">Il coordinatore provinciale di Fratelli d\u2019Italia, Nicola Calandrini, interviene in merito alle dichiarazioni rilasciate pubblicamente dal coordinatore provinciale dell\u2019NCD, Enrico Tiero:\u00a0<\/span>\u201cRitengo che le affermazioni rese dal segretario provinciale dell\u2019NCD relative al dialogo avviato dal suo partito con altre forze estranee al centrodestra, e in particolare con il PD, finalizzato a intraprendere un cammino di governo nei Comuni pontini, siano incomprensibili per una forza politica che si dichiara essere parte integrante di un progetto di centrodestra. Lo stesso l\u2019NCD \u00e8 infatti rappresentato in seno alla giunta comunale da un proprio esponente e risulta quindi non di facile comprensione questa presa di posizione, anche se inquadrata in una prospettiva di campagna elettorale. Certamente all\u2019interno della coalizione ci pu\u00f2 essere una sana competizione e un doveroso confronto tra le varie anime ma non si comprende davvero come si possa dialogare con forze non di centrodestra che si oppongono al governo della citt\u00e0\u201d.<\/p>\n<p style=\"text-align: justify;\">Anche il sindaco di Latina, Giovanni Di Giorgi, interviene affermando:\u00a0\u201cLe logiche usate dall\u2019NCD non possono essere applicate alla realt\u00e0 di Latina dove lo stesso NCD non \u00e8 al governo con il PD ma \u00e8 all\u2019interno di una salda cornice di centrodestra. E\u2019 in base a questo che la mia maggioranza ha un suo equilibrio che vede l\u2019NCD parte integrante; equilibrio questo che, altrimenti, verrebbe inevitabilmente alterato\u201d.<\/p>\n<p><span style=\"line-height: 1.5em;\">\u00a0<\/span><\/p>\n","protected":false},"excerpt":{"rendered":"<p>LATINA &#8211;\u00a0Il coordinatore provinciale di Fratelli d\u2019Italia, Nicola Calandrini, interviene in merito alle dichiarazioni rilasciate pubblicamente dal coordinatore provinciale dell\u2019NCD, Enrico Tiero:\u00a0\u201cRitengo che le affermazioni rese dal segretario provinciale dell\u2019NCD relative al dialogo avviato dal suo partito con altre forze estranee al centrodestra, e in particolare con il PD, finalizzato a intraprendere un cammino di [&hellip;]<\/p>\n","protected":false},"author":60,"featured_media":112832,"comment_status":"open","ping_status":"closed","sticky":false,"template":"","format":"standard","meta":{"footnotes":""},"categories":[8],"tags":[],"class_list":["post-147726","post","type-post","status-publish","format-standard","has-post-thumbnail","hentry","category-politica"],"_links":{"self":[{"href":"https:\/\/www.radioluna.it\/news\/wp-json\/wp\/v2\/posts\/147726","targetHints":{"allow":["GET"]}}],"collection":[{"href":"https:\/\/www.radioluna.it\/news\/wp-json\/wp\/v2\/posts"}],"about":[{"href":"https:\/\/www.radioluna.it\/news\/wp-json\/wp\/v2\/types\/post"}],"author":[{"embeddable":true,"href":"https:\/\/www.radioluna.it\/news\/wp-json\/wp\/v2\/users\/60"}],"replies":[{"embeddable":true,"href":"https:\/\/www.radioluna.it\/news\/wp-json\/wp\/v2\/comments?post=147726"}],"version-history":[{"count":0,"href":"https:\/\/www.radioluna.it\/news\/wp-json\/wp\/v2\/posts\/147726\/revisions"}],"wp:featuredmedia":[{"embeddable":true,"href":"https:\/\/www.radioluna.it\/news\/wp-json\/wp\/v2\/media\/112832"}],"wp:attachment":[{"href":"https:\/\/www.radioluna.it\/news\/wp-json\/wp\/v2\/media?parent=147726"}],"wp:term":[{"taxonomy":"category","embeddable":true,"href":"https:\/\/www.radioluna.it\/news\/wp-json\/wp\/v2\/categories?post=147726"},{"taxonomy":"post_tag","embeddable":true,"href":"https:\/\/www.radioluna.it\/news\/wp-json\/wp\/v2\/tags?post=147726"}],"curies":[{"name":"wp","href":"https:\/\/api.w.org\/{rel}","templated":true}]}}