{"id":147737,"date":"2014-03-08T12:16:15","date_gmt":"2014-03-08T11:16:15","guid":{"rendered":"http:\/\/www.radioluna.it\/news\/?p=147737"},"modified":"2014-03-10T07:40:41","modified_gmt":"2014-03-10T06:40:41","slug":"provincia-giunta-illegittima-visari-troppo-pochi-5-assessori","status":"publish","type":"post","link":"https:\/\/www.radioluna.it\/news\/2014\/03\/provincia-giunta-illegittima-visari-troppo-pochi-5-assessori\/","title":{"rendered":"Provincia, giunta illegittima"},"content":{"rendered":"<div id=\"fb-root\"><\/div>\n<p style=\"text-align: justify;\"><img loading=\"lazy\" decoding=\"async\" class=\"size-full wp-image-119768 alignleft\" alt=\"Provincia_LT\" src=\"http:\/\/www.radioluna.it\/news\/wp-content\/uploads\/2012\/04\/Provincia_LT.jpeg\" width=\"300\" height=\"225\" \/><strong>LATINA<\/strong> &#8211; &#8220;E se la giunta provinciale di Latina fosse illegittima?&#8221;. E&#8217; la domanda posta dal consigliere del Pd Mauro Visari dopo le ultime vicissitudini politiche. &#8220;Lo Statuto dell&#8217;ente \u00a0&#8211; sottolinea Visari &#8211; prevede all\u2019art. 15 comma 4 che la Giunta debba essere costituita dal presidente pi\u00f9 un numero di assessori di minimo 6 e massimo 10. Dopo le epurazioni degli assessori Udc e Ncd la compagine di Giunta \u00e8 scesa a 5 pi\u00f9 De Monaco che svolge le funzioni di Presidente. In questo quadro \u00a0&#8211; conclude il consigliere d&#8217;opposizione &#8211; dovremmo chiederci se attualmente la Giunta \u00e8 legittima, ovvero nei pieni poteri di assumere ecisioni e votare delibere&#8221;.<\/p>\n<p style=\"text-align: justify;\"><strong>INTERROGAZIONE<\/strong> &#8211; Sul tema \u00e8 gi\u00e0 pronta un&#8217;interrogazione sulla quale il Pd chiede che si esprima\u00a0il nuovo segretario generale dell\u2019ente, e una lettera indirizzata al Prefetto. &#8220;Al di l\u00e0 degli aspetti puramente regolamentari, ci\u00f2 che non possiamo proprio condividere \u00e8 che l\u2019ente venga governato praticamente da un uomo solo, che assomma tutti gli interim, soprattutto a pochi mesi dalle elezioni&#8221;, rimarca Visari.\u00a0<span style=\"line-height: 1.5em;\">Nemmeno il podest\u00e0 aveva tutti questi poteri insieme.\u00a0<\/span>La cosa si fa ancora pi\u00f9 grave se pensiamo che il presidente sospeso Cusani ancora continua ad esercitare un\u2019 imbarazzante influenza sulle decisioni dell\u2019ente.\u00a0<span style=\"line-height: 1.5em;\">Insomma, a quanto pare a Cusani con la sospensione \u00e8 andata meglio, perch\u00e9 riesce a comandare pi\u00f9 di prima senza nemmeno assumersene le relativi responsabilit\u00e0.<\/span><\/p>\n","protected":false},"excerpt":{"rendered":"<p>LATINA &#8211; &#8220;E se la giunta provinciale di Latina fosse illegittima?&#8221;. E&#8217; la domanda posta dal consigliere del Pd Mauro Visari dopo le ultime vicissitudini politiche. &#8220;Lo Statuto dell&#8217;ente \u00a0&#8211; sottolinea Visari &#8211; prevede all\u2019art. 15 comma 4 che la Giunta debba essere costituita dal presidente pi\u00f9 un numero di assessori di minimo 6 e [&hellip;]<\/p>\n","protected":false},"author":62,"featured_media":126956,"comment_status":"open","ping_status":"closed","sticky":false,"template":"","format":"standard","meta":{"footnotes":""},"categories":[8],"tags":[],"class_list":["post-147737","post","type-post","status-publish","format-standard","has-post-thumbnail","hentry","category-politica"],"_links":{"self":[{"href":"https:\/\/www.radioluna.it\/news\/wp-json\/wp\/v2\/posts\/147737","targetHints":{"allow":["GET"]}}],"collection":[{"href":"https:\/\/www.radioluna.it\/news\/wp-json\/wp\/v2\/posts"}],"about":[{"href":"https:\/\/www.radioluna.it\/news\/wp-json\/wp\/v2\/types\/post"}],"author":[{"embeddable":true,"href":"https:\/\/www.radioluna.it\/news\/wp-json\/wp\/v2\/users\/62"}],"replies":[{"embeddable":true,"href":"https:\/\/www.radioluna.it\/news\/wp-json\/wp\/v2\/comments?post=147737"}],"version-history":[{"count":0,"href":"https:\/\/www.radioluna.it\/news\/wp-json\/wp\/v2\/posts\/147737\/revisions"}],"wp:featuredmedia":[{"embeddable":true,"href":"https:\/\/www.radioluna.it\/news\/wp-json\/wp\/v2\/media\/126956"}],"wp:attachment":[{"href":"https:\/\/www.radioluna.it\/news\/wp-json\/wp\/v2\/media?parent=147737"}],"wp:term":[{"taxonomy":"category","embeddable":true,"href":"https:\/\/www.radioluna.it\/news\/wp-json\/wp\/v2\/categories?post=147737"},{"taxonomy":"post_tag","embeddable":true,"href":"https:\/\/www.radioluna.it\/news\/wp-json\/wp\/v2\/tags?post=147737"}],"curies":[{"name":"wp","href":"https:\/\/api.w.org\/{rel}","templated":true}]}}