{"id":147883,"date":"2014-03-11T16:53:52","date_gmt":"2014-03-11T15:53:52","guid":{"rendered":"http:\/\/www.radioluna.it\/news\/?p=147883"},"modified":"2014-03-17T09:47:52","modified_gmt":"2014-03-17T08:47:52","slug":"147883","status":"publish","type":"post","link":"https:\/\/www.radioluna.it\/news\/2014\/03\/147883\/","title":{"rendered":"Incidente a Borgo Carso, eseguite le autopsie.<br> Il medico legale: &#8220;Morte istantanea&#8221;"},"content":{"rendered":"<div id=\"fb-root\"><\/div>\n<p style=\"text-align: justify;\"><img loading=\"lazy\" decoding=\"async\" class=\"wp-image-147891 alignleft\" alt=\"kumar\" src=\"http:\/\/www.radioluna.it\/news\/wp-content\/uploads\/2014\/03\/kumar.jpg\" width=\"227\" height=\"302\" srcset=\"https:\/\/www.radioluna.it\/news\/wp-content\/uploads\/2014\/03\/kumar.jpg 540w, https:\/\/www.radioluna.it\/news\/wp-content\/uploads\/2014\/03\/kumar-500x667.jpg 500w, https:\/\/www.radioluna.it\/news\/wp-content\/uploads\/2014\/03\/kumar-225x300.jpg 225w\" sizes=\"auto, (max-width: 227px) 100vw, 227px\" \/><strong>LATINA<\/strong> &#8211;\u00a0Si svolgeranno domani pomeriggio alle 15 presso la chiesa di Santa Maria Goretti, i funerali di Gabriele Montecalvo il ragazzo morto marted\u00ec in tragico incidente stradale avvenuto a Borgo Carso. Insieme a lui ha perso la vita il suo compagno di classe Kumar Rakesh, le sue ceneri torneranno in India cos\u00ec come ha disposto la sua famiglia. L\u2019autopsia sul copro dei due giovani \u00e8 stata effettuata oggi dal medico legale Silvestro Mauriello il quale ha affermato che la morte \u00e8 stata immdiata.<\/p>\n<p style=\"text-align: justify;\">E domani a Latina sar\u00e0 lutto cittadino cos\u00ec come disposto dal sindaco di Latina Giovanni Di Giorgi, dal Comune sventoler\u00e0 la bandiera a mezz\u2019asta. Il primo cittadino invita inoltre le scuole, gli enti pubblici e gli esercizi commerciali ad osservare un minuto di silenzio in memoria dei due giovani. L\u2019amministrazione comunale ha anche deciso di mettere a disposizione degli istituti scolastici che ne faranno richiesta dei pullman urbani per accompagnare i gruppi di studenti nei luoghi dove viene festeggiato il Mak P 100.<\/p>\n<p>&nbsp;<\/p>\n<p style=\"text-align: justify;\"><strong style=\"line-height: 1.5em;\">LA CRONACA &#8211;<\/strong><span style=\"line-height: 1.5em;\">\u00a0Doveva essere una festa, si \u00e8 trasformata in un incubo. Tutta la citt\u00e0, ma soprattutto tantissimi ragazzi delle scuole del capoluogo, sono stati letteralmente travolti dalla tragica notizia dell\u2019incidente stradale avvenuto marted\u00ec pomeriggio a Borgo Carso dove due ragazzi di 19 anni, Gabriele Montecalvo di Latina e Kumar Rakesh di Pontinia che frequentavano l\u2019ultimo anno dell\u2019istituto Mattei sono morti schiantandosi con un Fiat Dobl\u00f2 contro un muretto. L\u2019auto si \u00e8 disintegrata.<\/span><\/p>\n<p style=\"text-align: justify;\">Secondo quanto ricostruito dalle forze dell&#8217;ordine attraverso il racconto di amici e professori, Gabriele e Kumar insieme con altri due amici, uno dei quali ora lotta per la vita in un letto dell\u2019ospedale Goretti, si erano appena allontanati dal Ritrovo, il locale scelto per festeggiare il Mak P 100, la festa che i ragazzi organizzano a 100 giorni dall&#8217;esame di maturit\u00e0. Era il momento della torta quando i quattro ragazzi si sono allontanati, forse per comprare le sigarette e non sono mai tornati. &#8220;Abbiamo sentito un boato&#8221;, hanno detto alcuni residenti che hanno chiamato i soccorsi dopo aver visto il Fiat Dobbl\u00f2 accartocciato contro un muretto in cemento. Sul luogo dell&#8217;incidente sono accorsi poco dopo anche i professori, sconvolti.<\/p>\n<p><img loading=\"lazy\" decoding=\"async\" class=\" wp-image-147893 alignleft\" style=\"text-align: justify;\" alt=\"gabriele 3\" src=\"http:\/\/www.radioluna.it\/news\/wp-content\/uploads\/2014\/03\/gabriele-3.jpg\" width=\"266\" height=\"266\" srcset=\"https:\/\/www.radioluna.it\/news\/wp-content\/uploads\/2014\/03\/gabriele-3.jpg 633w, https:\/\/www.radioluna.it\/news\/wp-content\/uploads\/2014\/03\/gabriele-3-150x150.jpg 150w, https:\/\/www.radioluna.it\/news\/wp-content\/uploads\/2014\/03\/gabriele-3-300x300.jpg 300w, https:\/\/www.radioluna.it\/news\/wp-content\/uploads\/2014\/03\/gabriele-3-500x500.jpg 500w, https:\/\/www.radioluna.it\/news\/wp-content\/uploads\/2014\/03\/gabriele-3-80x80.jpg 80w, https:\/\/www.radioluna.it\/news\/wp-content\/uploads\/2014\/03\/gabriele-3-50x50.jpg 50w\" sizes=\"auto, (max-width: 266px) 100vw, 266px\" \/><\/p>\n<p style=\"text-align: justify;\">Toccher\u00e0 ai carabinieri che hanno lavorato sul posto con i vigili del fuoco ricostruire le cause dell\u2019incidente dovuto oltre che alla velocit\u00e0, forse ad un evento improvviso, si ipotizza lo scoppio di una gomma, la Procura ha anche disposto l\u2019autopsia per tentare di capire che cosa \u00e8 accaduto ieri alle quattro del pomeriggio in pieno giorno.<\/p>\n<p style=\"text-align: justify;\"><strong>L&#8217;ULTIMA FRASE SU FACEBOOK<\/strong> &#8211; I ragazzi frequentavano l&#8217;ultimo anno dell&#8217;istituto professionale Mattei di Latina. Kumar, che gli amici chiamavano scherzosamente il Panzer, era un tifoso della curva della Lazio. C&#8217;era lui alla guida della macchina. Il suo amico Gabriele, al risveglio, marted\u00ec mattina, aveva postato su Facebook il suo &#8220;buongiorno&#8221;, citando una frase di Paulo Coehlo: &#8220;Non importa come ti senti oggi. Alzati, vestiti e mostrati&#8221;.<\/p>\n<p style=\"text-align: justify;\">Sul posto hanno lavorato \u00a0vigili del fuoco, 118 e carabinieri cui spetter\u00e0 ora il compito di ricostruire le cause dello schianto. La Procura di Latina ha disposto l&#8217;autopsia sul corpo delle due vittime.<\/p>\n<p style=\"text-align: justify;\"><strong>IL CORDOGLIO DELLA CITTA&#8217; NELLE PAROLE DEL SINDACO<\/strong> &#8211; Intanto il sindaco di Latina, Giovanni Di Giorgi, ha voluto esprimere il cordoglio della citt\u00e0 alle famiglie dei due ragazzi: \u201cHo appreso con sgomento e commozione della tragedia di questo pomeriggio che ci lascia tutti senza parole. Fa ancora pi\u00f9 male sapere che la tragedia si \u00e8 consumata in pieno giorno e nell\u2019ambito di una festa cos\u00ec bella e simbolicamente importante per gli studenti che si approssimano ad affrontare gli esami di maturit\u00e0. E\u2019 una tragedia che colpisce tutta la citt\u00e0, ferita ancora una volta da un dramma che si consuma sulle nostre strade con il sacrificio di giovani vite. Comprendo bene che nulla pu\u00f2 lenire un dolore cos\u00ec grande ma \u00e8 importante stringerci attorno alle famiglie e agli amici dei ragazzi scomparsi oggi\u201d.<\/p>\n<div class=\"radio-posizionamento-telefono-in-articoli-dopo-il-contenuto-articolo radio-entity-placement\" id=\"radio-2285111271\"><div id=\"radio-2706646504\"><a href=\"https:\/\/www.simeoneceramiche.com\/\" aria-label=\"SIMEONE CERAMICHE GIF animata per radioluna_Tavola disegno 1 copia 2 (online-video-cutter.com)\"><img loading=\"lazy\" decoding=\"async\" src=\"https:\/\/www.radioluna.it\/news\/wp-content\/uploads\/2025\/05\/SIMEONE-CERAMICHE-GIF-animata-per-radioluna_Tavola-disegno-1-copia-2-online-video-cutter.com_.gif\" alt=\"\"  width=\"300\" height=\"250\"   \/><\/a><\/div><\/div>","protected":false},"excerpt":{"rendered":"<p>LATINA &#8211;\u00a0Si svolgeranno domani pomeriggio alle 15 presso la chiesa di Santa Maria Goretti, i funerali di Gabriele Montecalvo il ragazzo morto marted\u00ec in tragico incidente stradale avvenuto a Borgo Carso. Insieme a lui ha perso la vita il suo compagno di classe Kumar Rakesh, le sue ceneri torneranno in India cos\u00ec come ha disposto [&hellip;]<\/p>\n","protected":false},"author":62,"featured_media":147892,"comment_status":"open","ping_status":"closed","sticky":false,"template":"","format":"standard","meta":{"footnotes":""},"categories":[7],"tags":[],"class_list":["post-147883","post","type-post","status-publish","format-standard","has-post-thumbnail","hentry","category-cronaca"],"_links":{"self":[{"href":"https:\/\/www.radioluna.it\/news\/wp-json\/wp\/v2\/posts\/147883","targetHints":{"allow":["GET"]}}],"collection":[{"href":"https:\/\/www.radioluna.it\/news\/wp-json\/wp\/v2\/posts"}],"about":[{"href":"https:\/\/www.radioluna.it\/news\/wp-json\/wp\/v2\/types\/post"}],"author":[{"embeddable":true,"href":"https:\/\/www.radioluna.it\/news\/wp-json\/wp\/v2\/users\/62"}],"replies":[{"embeddable":true,"href":"https:\/\/www.radioluna.it\/news\/wp-json\/wp\/v2\/comments?post=147883"}],"version-history":[{"count":0,"href":"https:\/\/www.radioluna.it\/news\/wp-json\/wp\/v2\/posts\/147883\/revisions"}],"wp:featuredmedia":[{"embeddable":true,"href":"https:\/\/www.radioluna.it\/news\/wp-json\/wp\/v2\/media\/147892"}],"wp:attachment":[{"href":"https:\/\/www.radioluna.it\/news\/wp-json\/wp\/v2\/media?parent=147883"}],"wp:term":[{"taxonomy":"category","embeddable":true,"href":"https:\/\/www.radioluna.it\/news\/wp-json\/wp\/v2\/categories?post=147883"},{"taxonomy":"post_tag","embeddable":true,"href":"https:\/\/www.radioluna.it\/news\/wp-json\/wp\/v2\/tags?post=147883"}],"curies":[{"name":"wp","href":"https:\/\/api.w.org\/{rel}","templated":true}]}}