{"id":148282,"date":"2014-03-20T16:09:31","date_gmt":"2014-03-20T15:09:31","guid":{"rendered":"http:\/\/www.radioluna.it\/news\/?p=148282"},"modified":"2014-03-20T16:10:15","modified_gmt":"2014-03-20T15:10:15","slug":"a-sermoneta-la-giornata-ecologica-per-prendersi-cura-del-territorio","status":"publish","type":"post","link":"https:\/\/www.radioluna.it\/news\/2014\/03\/a-sermoneta-la-giornata-ecologica-per-prendersi-cura-del-territorio\/","title":{"rendered":"A Sermoneta la Giornata ecologica per prendersi cura del territorio"},"content":{"rendered":"<div id=\"fb-root\"><\/div>\n<p style=\"text-align: justify;\"><strong><img loading=\"lazy\" decoding=\"async\" class=\"alignleft size-full wp-image-131054\" alt=\"sermoneta-300x195\" src=\"http:\/\/www.radioluna.it\/news\/wp-content\/uploads\/2013\/02\/sermoneta-300x195.jpeg\" width=\"300\" height=\"195\" \/>SERMONETA &#8211;<\/strong> Domenica 30 marzo sar\u00e0 il gran giorno in cui cittadini, famiglie ed associazioni potranno prendersi personalmente cura del territorio in cui vivono, partecipando alla Giornata Ecologica indetta dall&#8217;Amministrazione Comunale. Fino ad ora, hanno aderito i comitati di borgata, la Protezione Civile di Sermoneta, l&#8217;Associazione Nazionale Carabinieri di Sermoneta e le associazioni ambientaliste.\u00a0L&#8217;appuntamento \u00e8 per Domenica 30 marzo a partire dalle ore 8.00 presso il Campo Sportivo Le Prata. I cittadini saranno divisi in gruppi, per bonificare le strade sermonetane dai rifiuti che vengono gettate dalle auto. L&#8217;eventuale presenza di ingombranti sar\u00e0 segnalata direttamente alla A.S.A., societ\u00e0 che si occupa della raccolta dei rifiuti a Sermoneta, che provveder\u00e0 alla bonifica. La giornata ecologica terminer\u00e0 all&#8217;ora di pranzo, sempre al campo Le Prata.\u00a0&#8220;Il nostro obiettivo non \u00e8 solo quello di ripulire quasi completamente il territorio dai rifiuti che molti incivili abbandonano selvaggiamente su strade, scoline e terreni, ma daremo anche un segnale alle nuove generazioni di Sermoneta: bisogna avere a cuore l&#8217;ambiente, rispettarlo e curarlo. L&#8217;invito \u00e8 esteso naturalmente a tutti i cittadini di Sermoneta che potranno presentarsi direttamente domenica 30 marzo al Campo Le Prata armati di volont\u00e0 e di amore per il nostro territorio&#8221;, spiegano il Sindaco Giuseppina Giovannoli e l&#8217;assessore all&#8217;ambiente Mauro Battisti<\/p>\n<p>&nbsp;<\/p>\n","protected":false},"excerpt":{"rendered":"<p>SERMONETA &#8211; Domenica 30 marzo sar\u00e0 il gran giorno in cui cittadini, famiglie ed associazioni potranno prendersi personalmente cura del territorio in cui vivono, partecipando alla Giornata Ecologica indetta dall&#8217;Amministrazione Comunale. Fino ad ora, hanno aderito i comitati di borgata, la Protezione Civile di Sermoneta, l&#8217;Associazione Nazionale Carabinieri di Sermoneta e le associazioni ambientaliste.\u00a0L&#8217;appuntamento \u00e8 [&hellip;]<\/p>\n","protected":false},"author":60,"featured_media":131054,"comment_status":"open","ping_status":"closed","sticky":false,"template":"","format":"standard","meta":{"footnotes":""},"categories":[16],"tags":[],"class_list":["post-148282","post","type-post","status-publish","format-standard","has-post-thumbnail","hentry","category-appuntamenti"],"_links":{"self":[{"href":"https:\/\/www.radioluna.it\/news\/wp-json\/wp\/v2\/posts\/148282","targetHints":{"allow":["GET"]}}],"collection":[{"href":"https:\/\/www.radioluna.it\/news\/wp-json\/wp\/v2\/posts"}],"about":[{"href":"https:\/\/www.radioluna.it\/news\/wp-json\/wp\/v2\/types\/post"}],"author":[{"embeddable":true,"href":"https:\/\/www.radioluna.it\/news\/wp-json\/wp\/v2\/users\/60"}],"replies":[{"embeddable":true,"href":"https:\/\/www.radioluna.it\/news\/wp-json\/wp\/v2\/comments?post=148282"}],"version-history":[{"count":0,"href":"https:\/\/www.radioluna.it\/news\/wp-json\/wp\/v2\/posts\/148282\/revisions"}],"wp:featuredmedia":[{"embeddable":true,"href":"https:\/\/www.radioluna.it\/news\/wp-json\/wp\/v2\/media\/131054"}],"wp:attachment":[{"href":"https:\/\/www.radioluna.it\/news\/wp-json\/wp\/v2\/media?parent=148282"}],"wp:term":[{"taxonomy":"category","embeddable":true,"href":"https:\/\/www.radioluna.it\/news\/wp-json\/wp\/v2\/categories?post=148282"},{"taxonomy":"post_tag","embeddable":true,"href":"https:\/\/www.radioluna.it\/news\/wp-json\/wp\/v2\/tags?post=148282"}],"curies":[{"name":"wp","href":"https:\/\/api.w.org\/{rel}","templated":true}]}}