{"id":148329,"date":"2014-03-21T13:07:00","date_gmt":"2014-03-21T12:07:00","guid":{"rendered":"http:\/\/www.radioluna.it\/news\/?p=148329"},"modified":"2014-03-21T13:07:00","modified_gmt":"2014-03-21T12:07:00","slug":"asma-e-allergie-nel-lazio-servono-prevenzione-e-controllo","status":"publish","type":"post","link":"https:\/\/www.radioluna.it\/news\/2014\/03\/asma-e-allergie-nel-lazio-servono-prevenzione-e-controllo\/","title":{"rendered":"Asma e allergie nel Lazio, servono prevenzione e controllo"},"content":{"rendered":"<div id=\"fb-root\"><\/div>\n<p style=\"text-align: justify;\"><img loading=\"lazy\" decoding=\"async\" class=\"aligncenter size-full wp-image-148330\" alt=\"allergia-e-asma\" src=\"http:\/\/www.radioluna.it\/news\/wp-content\/uploads\/2014\/03\/allergia-e-asma.jpg\" width=\"554\" height=\"554\" srcset=\"https:\/\/www.radioluna.it\/news\/wp-content\/uploads\/2014\/03\/allergia-e-asma.jpg 554w, https:\/\/www.radioluna.it\/news\/wp-content\/uploads\/2014\/03\/allergia-e-asma-150x150.jpg 150w, https:\/\/www.radioluna.it\/news\/wp-content\/uploads\/2014\/03\/allergia-e-asma-300x300.jpg 300w, https:\/\/www.radioluna.it\/news\/wp-content\/uploads\/2014\/03\/allergia-e-asma-500x500.jpg 500w, https:\/\/www.radioluna.it\/news\/wp-content\/uploads\/2014\/03\/allergia-e-asma-80x80.jpg 80w, https:\/\/www.radioluna.it\/news\/wp-content\/uploads\/2014\/03\/allergia-e-asma-50x50.jpg 50w\" sizes=\"auto, (max-width: 554px) 100vw, 554px\" \/>LATINA &#8211;\u00a0Secondo un\u2019indagine Istat del 2012, il numero di alunni\/studenti affetti da asma e malattie allergiche nelle scuole della regione Lazio \u00e8 pari a circa il 105.000. Un campionamento sulla somministrazione di farmaci a scuola effettuata tra aprile e giugno e 2013 ha evidenziato come, nelle 636 scuole che hanno ricevuto richiesta di somministrazione dei farmaci il totale delle richieste \u00e8 stato pari a 1.231 (886 nella scuola primaria e 367 nella secondaria di I\u00b0 grado). Nei tre mesi dell\u2019indagine, si sono registrati \u00a0228 casi di emergenza e 122 le chiamate al 118 e di queste 22 hanno richiesto il trasferimento dell&#8217;alunno presso una struttura sanitaria.<\/p>\n<p style=\"text-align: justify;\">Sono i dati emersi nel corso del Seminario \u201cLa regione Lazio e le iniziative avviate nell\u2019 ANNO EUROPEO DELL\u2019ARIA, tenutosi questa mattina presso la Sala Mechelli del consiglio regionale del Lazio. Nel corso dell\u2019incontro, organizzato nella \u201cGiornata Nazionale del Paziente Allergico\u201d, promossa da FEDERASMA Onlus \u2013 Federazione Italiana delle Associazioni di Sostegno ai Malati Asmatici e Allergico, ALAMA &#8211; Associazione Laziale Asma e Malattie Allergiche in collaborazione con l\u2019associazione \u201cPRIMA &#8211; Insieme per la qualit\u00e0 della vita\u201d, \u00e8 stata presentata la proposta di legge regionale per l\u2019istituzione di presidi sanitari scolastici e norme per la prevenzione ed il controllo delle malattie allergiche e dell\u2019asma bronchiale, firmata dal consigliere regionale Riccardo Agostini.<\/p>\n<p style=\"text-align: justify;\"><span style=\"line-height: 1.5em;\">\u201cLa prevenzione dell\u2019asma e delle malattie allergiche deve entrare nell\u2019agenda politica regionale \u2013 ha detto Agostini \u2013 affinch\u00e9 vengano sviluppate ed attuate politiche che garantiscano la reale tutela dei pazienti asmatici e allergici attraverso una rete di prevenzione e assistenza socio sanitaria che coinvolga tutti gli ambiti della vita domestica e scolastica del paziente.<\/span><\/p>\n<p style=\"text-align: justify;\"><span style=\"line-height: 1.5em;\">Per questo la legge prevede, tra le altre cose, l\u2019assistenza a scuola da parte di personale qualificato in grado di riconoscere i sintomi e abilitato alla somministrazione dei relativi farmaci, ed evitando cos\u00ec la necessit\u00e0 della presenza dei genitori.<\/span><\/p>\n<p style=\"text-align: justify;\"><span style=\"line-height: 1.5em;\">L\u2019impatto di queste patologie croniche sulla collettivit\u00e0 \u00e8 altissimo &#8211; ha proseguito il consigliere regionale del Partito Democratico, membro della commissione sanit\u00e0 \u2013 soprattutto perch\u00e9 colpiscono in genere i pazienti in et\u00e0 precoce, che necessiteranno di assistenza per un considerevole numero di anni. Il diritto alla salute e all\u2019istruzione dei ragazzi affetti da malattie croniche che necessitano di interventi di tipo sanitario durante l\u2019orario scolastico \u2013 ha concluso Agostini \u2013 rappresenta lo strumento necessario a garantire il diritto alla salute e all\u2019istruzione in termini di eticit\u00e0 ed appropriatezza degli interventi.\u201d<\/span><\/p>\n<p style=\"text-align: justify;\"><span style=\"line-height: 1.5em;\">Il presidente della commissione Politiche sociali e Salute, Rodolfo Lena, annunciando una rapida calendarizzazione della proposta, al fine di inviarla quanto prima all&#8217;esame dell&#8217;Aula, ha dichiarato: &#8220;Leggendo i dati raccolti in occasione dell&#8217;ANNO EUROPEO DELL&#8217;ARIA, abbiamo appreso che la maggior parte dei cittadini comunitari (56%) ritiene che la qualit\u00e0 dell\u2019aria sia peggiorata negli ultimi 10 anni. In Italia \u00e8 di questa opinione addirittura l\u201981% degli intervistati. Ed \u00e8 un obbligo, per noi, intervenire a livello legislativo per tutelare la salute dei pi\u00f9 giovani, di chi \u00e8 palesemente pi\u00f9 indifeso, come i bambini in et\u00e0 scolare. Crisi asmatiche e respiratorie sono esperienze ben note a tutti i genitori: \u00e8 quindi necessario che le scuole, dove i nostri figli trascorrono gran parte della giornata, siano adeguatamente attrezzate per favorire un rapido intervento in situazioni di emergenza, anche attraverso la possibilit\u00e0 di somministrare farmaci&#8221;.<\/span><\/p>\n<p>&nbsp;<\/p>\n<p>&nbsp;<\/p>\n<p>&nbsp;<\/p>\n<p>&nbsp;<\/p>\n","protected":false},"excerpt":{"rendered":"<p>LATINA &#8211;\u00a0Secondo un\u2019indagine Istat del 2012, il numero di alunni\/studenti affetti da asma e malattie allergiche nelle scuole della regione Lazio \u00e8 pari a circa il 105.000. Un campionamento sulla somministrazione di farmaci a scuola effettuata tra aprile e giugno e 2013 ha evidenziato come, nelle 636 scuole che hanno ricevuto richiesta di somministrazione dei [&hellip;]<\/p>\n","protected":false},"author":62,"featured_media":148330,"comment_status":"open","ping_status":"closed","sticky":false,"template":"","format":"standard","meta":{"footnotes":""},"categories":[7],"tags":[],"class_list":["post-148329","post","type-post","status-publish","format-standard","has-post-thumbnail","hentry","category-cronaca"],"_links":{"self":[{"href":"https:\/\/www.radioluna.it\/news\/wp-json\/wp\/v2\/posts\/148329","targetHints":{"allow":["GET"]}}],"collection":[{"href":"https:\/\/www.radioluna.it\/news\/wp-json\/wp\/v2\/posts"}],"about":[{"href":"https:\/\/www.radioluna.it\/news\/wp-json\/wp\/v2\/types\/post"}],"author":[{"embeddable":true,"href":"https:\/\/www.radioluna.it\/news\/wp-json\/wp\/v2\/users\/62"}],"replies":[{"embeddable":true,"href":"https:\/\/www.radioluna.it\/news\/wp-json\/wp\/v2\/comments?post=148329"}],"version-history":[{"count":0,"href":"https:\/\/www.radioluna.it\/news\/wp-json\/wp\/v2\/posts\/148329\/revisions"}],"wp:featuredmedia":[{"embeddable":true,"href":"https:\/\/www.radioluna.it\/news\/wp-json\/wp\/v2\/media\/148330"}],"wp:attachment":[{"href":"https:\/\/www.radioluna.it\/news\/wp-json\/wp\/v2\/media?parent=148329"}],"wp:term":[{"taxonomy":"category","embeddable":true,"href":"https:\/\/www.radioluna.it\/news\/wp-json\/wp\/v2\/categories?post=148329"},{"taxonomy":"post_tag","embeddable":true,"href":"https:\/\/www.radioluna.it\/news\/wp-json\/wp\/v2\/tags?post=148329"}],"curies":[{"name":"wp","href":"https:\/\/api.w.org\/{rel}","templated":true}]}}