{"id":148334,"date":"2014-03-21T13:17:30","date_gmt":"2014-03-21T12:17:30","guid":{"rendered":"http:\/\/www.radioluna.it\/news\/?p=148334"},"modified":"2014-03-21T13:17:30","modified_gmt":"2014-03-21T12:17:30","slug":"intercultura-sette-studenti-in-visita-allartistico","status":"publish","type":"post","link":"https:\/\/www.radioluna.it\/news\/2014\/03\/intercultura-sette-studenti-in-visita-allartistico\/","title":{"rendered":"Intercultura, sette studenti in visita all&#8217;Artistico"},"content":{"rendered":"<div id=\"fb-root\"><\/div>\n<p><img loading=\"lazy\" decoding=\"async\" class=\"alignleft size-thumbnail wp-image-142372\" alt=\"intercultura\" src=\"http:\/\/www.radioluna.it\/news\/wp-content\/uploads\/2013\/10\/intercultura-150x150.jpg\" width=\"150\" height=\"150\" srcset=\"https:\/\/www.radioluna.it\/news\/wp-content\/uploads\/2013\/10\/intercultura-150x150.jpg 150w, https:\/\/www.radioluna.it\/news\/wp-content\/uploads\/2013\/10\/intercultura-80x80.jpg 80w, https:\/\/www.radioluna.it\/news\/wp-content\/uploads\/2013\/10\/intercultura-50x50.jpg 50w\" sizes=\"auto, (max-width: 150px) 100vw, 150px\" \/>LATINA &#8211;\u00a0Dal 22 al 30 marzo una delegazione di sette studenti stranieri sar\u00e0 ospite presso le famiglie e il Liceo Artistico di Latina per uno scambio culturale su usi e costumi dal mondo, organizzato dai volontari del Centro locale di Intercultura di Latina.<\/p>\n<p style=\"text-align: justify;\">Sono sette tra gli 800 studenti provenienti da tutto il mondo, accolti per un anno o sei mesi gratuitamente da una famiglia italiana, che stanno studiando a scuola, imparando non solo la nostra lingua, ma soprattutto la nostra cultura, i nostri usi e i nostri costumi. Si tratta di: Emma e Paul dalla Germania, la prima ad Agrigento il secondo a Ravenna; Deniz dalla Turchia ad Alessandria, Jamisa dalla Thailandia a Torino, Mari dalla Finlandia a Potenza, Arni dall&#8217;Islanda a Venezia e Javier dalla Bolivia a Siracusa. Ad accompagnarli saranno degli chaperon molto speciali, due delle tre studentesse straniere che da gennaio stanno vivendo e studiando a Latina: la statunitense Brooke e Clara del Paraguay.<\/p>\n<p style=\"text-align: justify;\">Nel corso dell\u2019intensa settimana pensata dai volontari di Latina per sensibilizzare sui temi quali l\u2019educazione alla mondialit\u00e0 e la conoscenza della cultura locale, approfondendo temi come le differenze del concetto di famiglia e le diverse abitudini di vita, ci sar\u00e0 spazio anche per un incontro istituzionale. Gli studenti stranieri avranno modo di incontrare anche il Sindaco di Latina Giovanni Di Giorgi, la mattina di venerd\u00ec 28 alle ore 11 al Comune.<\/p>\n<p style=\"text-align: justify;\"><span style=\"line-height: 1.5em;\">Luned\u00ec 24, mercoled\u00ec 26 e venerdi 28 marzo, gli studenti stranieri di Intercultura incontreranno i loro coetanei italiani del Liceo Artistico per confrontarsi sui temi relativi all\u2019educazione al cosmopolitismo ma anche su tradizione e natura legati a Latina e alla sua storia.<\/span><\/p>\n<p style=\"text-align: justify;\">Il programma prevede naturalmente visite di Latina e dintorni: Museo di Piana delle Orme, Sermoneta, Museo del cioccolato di Norma, Lago Fogliano.\u00a0Non mancher\u00e0 la tappa a Roma.<\/p>\n<p style=\"text-align: justify;\">\u00a0Questo progetto rientra nell\u2019ambito della settimana di scambio promossa dal gruppo di volontari di Latina dell\u2019Associazione Intercultura, Onlus che dal 1955 \u00e8 attivamente impegnata all\u2019educazione alla mondialit\u00e0 inviando all\u2019estero ogni anno centinaia di studenti italiani e accogliendone altrettanti in Italia, provenienti da tutti e 5 i continenti. Altre importanti protagoniste di questi \u201cincontri che cambiano il mondo\u201d saranno le famiglie di Latina che hanno dato la disponibilit\u00e0 a condividere con questi giovani ambasciatori del mondo un po\u2019 della propria quotidianit\u00e0. Saranno loro, grazie alla curiosit\u00e0 di vivere un\u2019esperienza nuova e stimolante, l\u2019elemento principale di arricchimento di questi giorni all\u2019insegna dell\u2019interculturalit\u00e0, senza il filtro degli stereotipi.<\/p>\n<p style=\"text-align: justify;\">\u00a0Questa settimana di didattica interculturale dar\u00e0 il via alla nuova campagna di accoglienza anche a Latina Infatti i volontari locali sono anche quest\u2019anno alla ricerca di famiglie che accettino la sfida di accogliere il mondo in casa e imparare dalle diversit\u00e0 culturali anche senza spostarsi da casa.<\/p>\n<p style=\"text-align: justify;\">Per ricevere maggiori informazioni sul programma della Settimana di scambio e sulle attivit\u00e0 di Intercultura nel Centro locale di Latina \u00e8 possibile contattare la Responsabile dei programmi di ospitalit\u00e0 Paola Romagnolo all\u2019indirizzo e-mail mpp@libero.it, oppure visitare il sito dell\u2019Associazione, all\u2019indirizzo www.intercultura.it<\/p>\n<p style=\"text-align: justify;\">\n","protected":false},"excerpt":{"rendered":"<p>LATINA &#8211;\u00a0Dal 22 al 30 marzo una delegazione di sette studenti stranieri sar\u00e0 ospite presso le famiglie e il Liceo Artistico di Latina per uno scambio culturale su usi e costumi dal mondo, organizzato dai volontari del Centro locale di Intercultura di Latina. Sono sette tra gli 800 studenti provenienti da tutto il mondo, accolti [&hellip;]<\/p>\n","protected":false},"author":62,"featured_media":142372,"comment_status":"open","ping_status":"closed","sticky":false,"template":"","format":"standard","meta":{"footnotes":""},"categories":[248],"tags":[],"class_list":["post-148334","post","type-post","status-publish","format-standard","has-post-thumbnail","hentry","category-istruzione"],"_links":{"self":[{"href":"https:\/\/www.radioluna.it\/news\/wp-json\/wp\/v2\/posts\/148334","targetHints":{"allow":["GET"]}}],"collection":[{"href":"https:\/\/www.radioluna.it\/news\/wp-json\/wp\/v2\/posts"}],"about":[{"href":"https:\/\/www.radioluna.it\/news\/wp-json\/wp\/v2\/types\/post"}],"author":[{"embeddable":true,"href":"https:\/\/www.radioluna.it\/news\/wp-json\/wp\/v2\/users\/62"}],"replies":[{"embeddable":true,"href":"https:\/\/www.radioluna.it\/news\/wp-json\/wp\/v2\/comments?post=148334"}],"version-history":[{"count":0,"href":"https:\/\/www.radioluna.it\/news\/wp-json\/wp\/v2\/posts\/148334\/revisions"}],"wp:featuredmedia":[{"embeddable":true,"href":"https:\/\/www.radioluna.it\/news\/wp-json\/wp\/v2\/media\/142372"}],"wp:attachment":[{"href":"https:\/\/www.radioluna.it\/news\/wp-json\/wp\/v2\/media?parent=148334"}],"wp:term":[{"taxonomy":"category","embeddable":true,"href":"https:\/\/www.radioluna.it\/news\/wp-json\/wp\/v2\/categories?post=148334"},{"taxonomy":"post_tag","embeddable":true,"href":"https:\/\/www.radioluna.it\/news\/wp-json\/wp\/v2\/tags?post=148334"}],"curies":[{"name":"wp","href":"https:\/\/api.w.org\/{rel}","templated":true}]}}