{"id":148336,"date":"2014-03-21T16:08:19","date_gmt":"2014-03-21T15:08:19","guid":{"rendered":"http:\/\/www.radioluna.it\/news\/?p=148336"},"modified":"2014-03-23T17:55:07","modified_gmt":"2014-03-23T16:55:07","slug":"modena-latina-breda-la-sconfitta-contro-trapani-brucia-ancora","status":"publish","type":"post","link":"https:\/\/www.radioluna.it\/news\/2014\/03\/modena-latina-breda-la-sconfitta-contro-trapani-brucia-ancora\/","title":{"rendered":"Modena &#8211; Latina. Breda: &#8220;La sconfitta contro Trapani brucia ancora&#8221;"},"content":{"rendered":"<div id=\"fb-root\"><\/div>\n<p style=\"text-align: justify;\"><strong><img loading=\"lazy\" decoding=\"async\" class=\"alignleft size-medium wp-image-147811\" alt=\"breda\" src=\"http:\/\/www.radioluna.it\/news\/wp-content\/uploads\/2014\/03\/breda-300x138.jpg\" width=\"300\" height=\"138\" \/>LATINA &#8211;<\/strong> Il Latina oggi pomeriggio (sabato ore 15) sar\u00e0 impegnato a Modena dove affronter\u00e0 i gialloblu nella gara valida per la 30esima giornata di campionato, nona del girone di ritorno. I nerazzurri stamane si sono allenati al Francioni: la rifinitura si \u00e8 svolta a porte chiuse. Per la gara in programma domani, Roberto Breda ha convocato 20 giocatori. Della lista non fanno parte gli infortunati Jonathas, Jefferson, Chiric\u00f2 e Baldan, gli squalificati Alhassan e Bruno; Massacci non \u00e8 stato convocato per scelta tecnica. Tornano a disposizione, invece, Laribi e Figliomeni; nella lista c&#8217;\u00e8 anche il Primavera Peressini. Al termine dell&#8217;allenamento di questa mattina ha parlato, come di consuetudine, il tecnico: \u201cCi aspetta una gara ricca di insidie contro una squadra in salute \u2013 ha dichiarato Roberto Breda \u2013 Anche noi, dal canto nostro, stiamo bene; la gara col Trapani, nonostante la sconfitta, ha confermato il nostro stato di forma positivo. L&#8217;emergenza? Non \u00e8 questo che ci deve preoccupare, ma la forza dell&#8217;avversario. Abbiamo qualche defezione, \u00e8 vero, ma saremo comunque competitivi perch\u00e9, lo ripeto ancora una volta, ho a disposizione una rosa ampia che mi permette di fare delle scelte. Riavremo anche Figliomeni e Laribi, reduci da un periodo di stop, che per noi sono giocatori importanti. Sicuramente la sconfitta col Trapani ancora brucia per come \u00e8 arrivata \u2013 ha concluso il mister \u2013 Dovremo mettere in campo tutto quello che abbiamo per conquistare un risultato positivo\u201d.<\/p>\n<p style=\"text-align: justify;\"><strong>I CONVOCATI<\/strong> \u2013 Iacobucci, Tozzo, Bruscagin, Cottafava, Brosco, Esposito, Figliomeni, Viviani, Laribi, Gerbo, Morrone, Crimi, Ristovski, Nunes, Milani, Ricciardi, Peressini Cisotti, Ghezzal, Paolucci<\/p>\n<p style=\"text-align: justify;\">Indisponibili: Baldan, Jonathas, Jefferson, Chiric\u00f2<\/p>\n<p style=\"text-align: justify;\">Squalificati: Bruno e Alhassan<\/p>\n","protected":false},"excerpt":{"rendered":"<p>LATINA &#8211; Il Latina oggi pomeriggio (sabato ore 15) sar\u00e0 impegnato a Modena dove affronter\u00e0 i gialloblu nella gara valida per la 30esima giornata di campionato, nona del girone di ritorno. I nerazzurri stamane si sono allenati al Francioni: la rifinitura si \u00e8 svolta a porte chiuse. Per la gara in programma domani, Roberto Breda [&hellip;]<\/p>\n","protected":false},"author":60,"featured_media":148359,"comment_status":"open","ping_status":"closed","sticky":false,"template":"","format":"standard","meta":{"footnotes":""},"categories":[17],"tags":[],"class_list":["post-148336","post","type-post","status-publish","format-standard","has-post-thumbnail","hentry","category-sport"],"_links":{"self":[{"href":"https:\/\/www.radioluna.it\/news\/wp-json\/wp\/v2\/posts\/148336","targetHints":{"allow":["GET"]}}],"collection":[{"href":"https:\/\/www.radioluna.it\/news\/wp-json\/wp\/v2\/posts"}],"about":[{"href":"https:\/\/www.radioluna.it\/news\/wp-json\/wp\/v2\/types\/post"}],"author":[{"embeddable":true,"href":"https:\/\/www.radioluna.it\/news\/wp-json\/wp\/v2\/users\/60"}],"replies":[{"embeddable":true,"href":"https:\/\/www.radioluna.it\/news\/wp-json\/wp\/v2\/comments?post=148336"}],"version-history":[{"count":0,"href":"https:\/\/www.radioluna.it\/news\/wp-json\/wp\/v2\/posts\/148336\/revisions"}],"wp:featuredmedia":[{"embeddable":true,"href":"https:\/\/www.radioluna.it\/news\/wp-json\/wp\/v2\/media\/148359"}],"wp:attachment":[{"href":"https:\/\/www.radioluna.it\/news\/wp-json\/wp\/v2\/media?parent=148336"}],"wp:term":[{"taxonomy":"category","embeddable":true,"href":"https:\/\/www.radioluna.it\/news\/wp-json\/wp\/v2\/categories?post=148336"},{"taxonomy":"post_tag","embeddable":true,"href":"https:\/\/www.radioluna.it\/news\/wp-json\/wp\/v2\/tags?post=148336"}],"curies":[{"name":"wp","href":"https:\/\/api.w.org\/{rel}","templated":true}]}}