{"id":148408,"date":"2014-03-24T15:21:21","date_gmt":"2014-03-24T14:21:21","guid":{"rendered":"http:\/\/www.radioluna.it\/news\/?p=148408"},"modified":"2014-03-25T10:59:20","modified_gmt":"2014-03-25T09:59:20","slug":"latina-in-ritiro-domani-ce-pescara","status":"publish","type":"post","link":"https:\/\/www.radioluna.it\/news\/2014\/03\/latina-in-ritiro-domani-ce-pescara\/","title":{"rendered":"SerieB. Latina-Pescara al Francioni"},"content":{"rendered":"<div id=\"fb-root\"><\/div>\n<p style=\"text-align: justify;\"><img loading=\"lazy\" decoding=\"async\" class=\"alignleft size-thumbnail wp-image-143221\" alt=\"francioni\" src=\"http:\/\/www.radioluna.it\/news\/wp-content\/uploads\/2013\/11\/francioni-150x150.jpg\" width=\"150\" height=\"150\" \/>LATINA &#8211;\u00a0Il Latina sar\u00e0 impegnato al Francioni alle 20,30 di stasera, affronter\u00e0 il Pescara nella gara valida per la 31esima giornata di campionato, decima del girone di ritorno. Breda ha convocato tutti i giocatori della rosa (26), compresi infortunati e squalificati. \u201cQuesta decisione l&#8217;abbiamo presa in virt\u00f9 di due risultati negativi e della voglia di ricompattarci immediatamente \u2013 ha dichiarato Roberto Breda nella conferenza stampa al termine della rifinitura svolta sul sintetico della Samagor a causa della violenta grandinata che ieri mattina si \u00e8 abbattuta su Latina \u2013 Quello che dobbiamo fare adesso \u00e8 ripartire cercando di ritrovare la nostra arma migliore, ovvero la capacit\u00e0 di battagliare che ci \u00e8 mancata nell&#8217;ultima prestazione. Ci aspetta una gara tosta, difficile e da affrontare con la massima concentrazione \u2013 ha concluso Breda \u2013 Siamo pronti per riscattare due passi falsi: metteremo in campo tutto quello che abbiamo con l&#8217;umilt\u00e0 che ci ha sempre rappresentato\u201d.<\/p>\n<p style=\"text-align: justify;\">\n","protected":false},"excerpt":{"rendered":"<p>LATINA &#8211;\u00a0Il Latina sar\u00e0 impegnato al Francioni alle 20,30 di stasera, affronter\u00e0 il Pescara nella gara valida per la 31esima giornata di campionato, decima del girone di ritorno. Breda ha convocato tutti i giocatori della rosa (26), compresi infortunati e squalificati. \u201cQuesta decisione l&#8217;abbiamo presa in virt\u00f9 di due risultati negativi e della voglia di [&hellip;]<\/p>\n","protected":false},"author":60,"featured_media":0,"comment_status":"open","ping_status":"closed","sticky":false,"template":"","format":"standard","meta":{"footnotes":""},"categories":[17],"tags":[],"class_list":["post-148408","post","type-post","status-publish","format-standard","hentry","category-sport"],"_links":{"self":[{"href":"https:\/\/www.radioluna.it\/news\/wp-json\/wp\/v2\/posts\/148408","targetHints":{"allow":["GET"]}}],"collection":[{"href":"https:\/\/www.radioluna.it\/news\/wp-json\/wp\/v2\/posts"}],"about":[{"href":"https:\/\/www.radioluna.it\/news\/wp-json\/wp\/v2\/types\/post"}],"author":[{"embeddable":true,"href":"https:\/\/www.radioluna.it\/news\/wp-json\/wp\/v2\/users\/60"}],"replies":[{"embeddable":true,"href":"https:\/\/www.radioluna.it\/news\/wp-json\/wp\/v2\/comments?post=148408"}],"version-history":[{"count":0,"href":"https:\/\/www.radioluna.it\/news\/wp-json\/wp\/v2\/posts\/148408\/revisions"}],"wp:attachment":[{"href":"https:\/\/www.radioluna.it\/news\/wp-json\/wp\/v2\/media?parent=148408"}],"wp:term":[{"taxonomy":"category","embeddable":true,"href":"https:\/\/www.radioluna.it\/news\/wp-json\/wp\/v2\/categories?post=148408"},{"taxonomy":"post_tag","embeddable":true,"href":"https:\/\/www.radioluna.it\/news\/wp-json\/wp\/v2\/tags?post=148408"}],"curies":[{"name":"wp","href":"https:\/\/api.w.org\/{rel}","templated":true}]}}