{"id":148523,"date":"2014-03-26T12:14:57","date_gmt":"2014-03-26T11:14:57","guid":{"rendered":"http:\/\/www.radioluna.it\/news\/?p=148523"},"modified":"2014-03-26T12:14:57","modified_gmt":"2014-03-26T11:14:57","slug":"i-commercialisti-donano-un-defibrillatore-al-majorana","status":"publish","type":"post","link":"https:\/\/www.radioluna.it\/news\/2014\/03\/i-commercialisti-donano-un-defibrillatore-al-majorana\/","title":{"rendered":"I commercialisti donano un defibrillatore al Majorana"},"content":{"rendered":"<div id=\"fb-root\"><\/div>\n<div id=\"attachment_114901\" style=\"width: 310px\" class=\"wp-caption alignleft\"><img loading=\"lazy\" decoding=\"async\" aria-describedby=\"caption-attachment-114901\" class=\"size-medium wp-image-114901\" alt=\"Un modello di defibrillatore\" src=\"http:\/\/www.radioluna.it\/news\/wp-content\/uploads\/2012\/01\/defibrillatore-300x225.jpg\" width=\"300\" height=\"225\" \/><p id=\"caption-attachment-114901\" class=\"wp-caption-text\">Un modello di defibrillatore<\/p><\/div>\n<p style=\"text-align: justify;\">LATINA &#8211; Gioved\u00ec 27 marzo alle 9,20\u00a0presso il Liceo Scientifico &lt;Ettore Majorana&gt; di Latina avr\u00e0 luogo la consegna alla scuola del defibrillator eacquistato dall\u2019Ordine dei Commercialisti ed Esperti Contabili nell\u2019ambito dell\u2019iniziativa &lt;Latina Vertical Sprint&gt;, che si \u00e8 svolta a gennaio scorso presso la Torre Pontina.<\/p>\n<p style=\"text-align: justify;\">All\u2019evento saranno presenti il Presidente dell\u2019Ordine Efrem Romagnoli, che consegner\u00e0 il defibrillatore al dirigente scolastico Stella Fiaccola, il coordinatore della Commissione Socialit\u00e0, sport e cultura dell\u2019Ordine dei Commercialisti, Aldo Palazzese, i consiglieri Elvio Catenacci, Paolo Pelagatti, Paolo Ferrara, Gregorio Paone, Franco Macciacchera e il presidente dell\u2019associazione Latina Cuore insieme al medico Olimpio Ciarla. Sar\u00e0 proprio l\u2019Associazione &lt;Latina Cuore&gt; ad occuparsi dei corsi di formazione, che partiranno nei prossimi giorni, per il corretto utilizzo del defibrillatore che \u00a0sar\u00e0 a disposizione della scuola pontina.<\/p>\n<p style=\"text-align: justify;\"><span style=\"line-height: 1.5em;\">&lt;Siamo molto felici \u00a0di dotare la scuola Majorana di questo prezioso strumento per la sicurezza degli alunni e di tutti gli utenti, una conferma del lavoro che stiamo svolgendo per avvicinare sempre di pi\u00f9 la categoria professionale dei commercialisti alle necessit\u00e0 e tematiche legate alla quotidianit\u00e0 dei cittadini e del territorio della provincia pontina&gt;,\u00a0ha commentato il presidente Romagnoli.<\/span><\/p>\n","protected":false},"excerpt":{"rendered":"<p>LATINA &#8211; Gioved\u00ec 27 marzo alle 9,20\u00a0presso il Liceo Scientifico &lt;Ettore Majorana&gt; di Latina avr\u00e0 luogo la consegna alla scuola del defibrillator eacquistato dall\u2019Ordine dei Commercialisti ed Esperti Contabili nell\u2019ambito dell\u2019iniziativa &lt;Latina Vertical Sprint&gt;, che si \u00e8 svolta a gennaio scorso presso la Torre Pontina. All\u2019evento saranno presenti il Presidente dell\u2019Ordine Efrem Romagnoli, che consegner\u00e0 [&hellip;]<\/p>\n","protected":false},"author":62,"featured_media":0,"comment_status":"open","ping_status":"closed","sticky":false,"template":"","format":"standard","meta":{"footnotes":""},"categories":[16,248],"tags":[],"class_list":["post-148523","post","type-post","status-publish","format-standard","hentry","category-appuntamenti","category-istruzione"],"_links":{"self":[{"href":"https:\/\/www.radioluna.it\/news\/wp-json\/wp\/v2\/posts\/148523","targetHints":{"allow":["GET"]}}],"collection":[{"href":"https:\/\/www.radioluna.it\/news\/wp-json\/wp\/v2\/posts"}],"about":[{"href":"https:\/\/www.radioluna.it\/news\/wp-json\/wp\/v2\/types\/post"}],"author":[{"embeddable":true,"href":"https:\/\/www.radioluna.it\/news\/wp-json\/wp\/v2\/users\/62"}],"replies":[{"embeddable":true,"href":"https:\/\/www.radioluna.it\/news\/wp-json\/wp\/v2\/comments?post=148523"}],"version-history":[{"count":0,"href":"https:\/\/www.radioluna.it\/news\/wp-json\/wp\/v2\/posts\/148523\/revisions"}],"wp:attachment":[{"href":"https:\/\/www.radioluna.it\/news\/wp-json\/wp\/v2\/media?parent=148523"}],"wp:term":[{"taxonomy":"category","embeddable":true,"href":"https:\/\/www.radioluna.it\/news\/wp-json\/wp\/v2\/categories?post=148523"},{"taxonomy":"post_tag","embeddable":true,"href":"https:\/\/www.radioluna.it\/news\/wp-json\/wp\/v2\/tags?post=148523"}],"curies":[{"name":"wp","href":"https:\/\/api.w.org\/{rel}","templated":true}]}}