{"id":148533,"date":"2014-03-26T13:13:01","date_gmt":"2014-03-26T12:13:01","guid":{"rendered":"http:\/\/www.radioluna.it\/news\/?p=148533"},"modified":"2014-03-27T18:05:54","modified_gmt":"2014-03-27T17:05:54","slug":"orii-del-lazio-premiati-9-extravergine-pontini","status":"publish","type":"post","link":"https:\/\/www.radioluna.it\/news\/2014\/03\/orii-del-lazio-premiati-9-extravergine-pontini\/","title":{"rendered":"&#8220;Orii del Lazio&#8221;, premiati 9 extravergine pontini"},"content":{"rendered":"<div id=\"fb-root\"><\/div>\n<p><img loading=\"lazy\" decoding=\"async\" class=\"size-full wp-image-117249 alignleft\" alt=\"\" src=\"http:\/\/www.radioluna.it\/news\/wp-content\/uploads\/2012\/03\/olio-300x214.jpg\" width=\"300\" height=\"214\" \/><\/p>\n<p style=\"text-align: justify;\"><strong>LATINA<\/strong> &#8211;\u00a0Sono 9 le aziende della provincia di Latina premiate nel concorso gli \u201cOrii del Lazio \u2013 Capolavori del gusto\u201d \u00a0\u00a0XXI Concorso regionale per i migliori oli extravergine di oliva,\u00a0promosso da Unioncamere Lazio (l\u2019Unione delle cinque Camere di Commercio del Lazio).\u00a0Quest\u2019anno il concorso regionale per i migliori oli extravergine d\u2019oliva ha fatto registrare la partecipazione di 73 Aziende per un totale di 80 etichette, con una equa ripartizione tra le province titolari di DOP considerati i 16 prodotti della provincia di Roma, i 19 presentati dalle imprese di Viterbo e gli altrettanti partecipanti sia da Rieti che da Latina e infine Frosinone che ha concorso per la sezione extravergine gareggiando con 7 oli.<\/p>\n<p style=\"text-align: justify;\">\u00a0\u201cI premi ottenuti da ben 9 aziende provenienti dalla provincia di Latina\u201d ha commentato il presidente della Camera di Commercio di Latina Vincenzo Zottola \u201cconferma la crescente qualit\u00e0 espressa dalle nostre produzioni in campo agroalimentare. E oggi pi\u00f9 che mai \u00e8 proprio la qualit\u00e0 a rappresentare l\u2019elemento di competitivit\u00e0 nei mercati internazionali\u201d.\u00a0Oltre alla categoria extravergine di oliva erano in concorso le 4 denominazioni regionali: Sabina DOP, Canino DOP, Tuscia DOP e Colline Pontine DOP.<\/p>\n<p style=\"text-align: justify;\">Le categorie si articolano, secondo le caratteristiche del prodotto, in fruttato intenso, medio e leggero. Per ciascuna categoria sono stati premiati i primi due oli classificati mentre (a giudizio insindacabile della Commissione di assaggio) \u00e8 stata riconosciuta una menzione speciale agli oli immediatamente successivi ai primi in graduatoria, che hanno fatto registrare un punteggio elevato in sede di valutazione.<\/p>\n<p style=\"text-align: justify;\">\u00a0In occasione della cerimonia di premiazione, sono stati inoltre attribuiti i seguenti premi:<\/p>\n<p style=\"text-align: justify;\">&#8211; Miglior olio biologico, ottenuto cio\u00e8 da aziende che utilizzano tecniche produttive a basso impatto ambientale e senza l\u2019uso di prodotti chimici di sintesi.<\/p>\n<p style=\"text-align: justify;\">&#8211; Miglior olio monovarietale (ottenuto da un\u2019unica variet\u00e0 di olive),<\/p>\n<p style=\"text-align: justify;\">&#8211; Miglior olio ad alto tenore di polifenoli e tocoferoli.<\/p>\n<p style=\"text-align: justify;\">&#8211; Premio Tonino Zelinotti per la migliore confezione, con l\u2019obiettivo di evidenziare le caratteristiche che una bottiglia e soprattutto una etichetta, debbono avere non solo sotto il profilo squisitamente estetico. Molta importanza nello schema di valutazione \u00e8 stata infatti attribuita alla completezza e trasparenza delle informazioni riportate, sia per la parte obbligatoria, sia per le informazioni facoltative.<\/p>\n<p style=\"text-align: justify;\">&#8211; Premio Grandi Mercati attribuito all\u2019olio per il cui lotto in concorso viene dichiarata una disponibilit\u00e0 pari almeno a 100 hl ritenuto di particolare interesse per i mercati nazionali ed esteri.<\/p>\n<p style=\"text-align: justify;\">Infine, anche quest\u2019anno, il Premio della Critica, assegnato da uno speciale gruppo di assaggio costituito da alcuni nomi del giornalismo di settore che si \u00e8 riunito nei giorni scorsi presso il Centro Servizi per i Prodotti Tipici e Tradizionali dell\u2019Azienda Romana Mercati e ha degustato, alla cieca, gli oli presenti alla finale, decretando quello ritenuto migliore.<\/p>\n<p style=\"text-align: justify;\">La Commissione esaminatrice, che ha selezionato i vincitori attraverso specifiche sessioni di assaggio, \u00e8 composta da degustatori professionisti individuati, tra l\u2019altro, in base all\u2019anzianit\u00e0 di iscrizione nell\u2019Albo ufficiale degli assaggiatori ed all\u2019esperienza specifica di sedute di assaggio degli oli regionali.<\/p>\n<p style=\"text-align: justify;\">I lavori del panel si sono svolti nel Laboratorio Chimico Merceologico della Camera di Commercio di Roma, organismo autorizzato su base regionale a effettuare analisi chimico\u2013fisiche ufficiali sui prodotti che rivendicano una denominazione di origine controllata o protetta, registrata in ambito comunitario (come gli oli DOP).<\/p>\n<p style=\"text-align: justify;\">Quest\u2019anno ben 11 oli (uno in pi\u00f9 della scorsa edizione) tra quelli che hanno fatto registrare il punteggio organolettico pi\u00f9 alto indipendentemente dalla categoria di fruttato, tra i 49 interessati alla competizione nazionale, parteciperanno anche alla finale del concorso nazionale \u201cErcole Olivario\u201d, in programma a Perugia e Spoleto il 28 e 29 marzo.<\/p>\n<p style=\"text-align: justify;\"><span style=\"line-height: 1.5em;\">Pur mantenendo l\u2019originale connotazione di selezione regionale per il Premio nazionale, il Concorso per i migliori oli extravergine di oliva del Lazio, nel corso degli anni, ha assunto sempre maggior prestigio e visibilit\u00e0. Esso costituisce un momento significativo sia per stimolare i produttori verso un percorso di costante crescita qualitativa, sia per indirizzare i consumatori verso l\u2019acquisto di oli extravergine di oliva di qualit\u00e0 del territorio.<\/span><\/p>\n<p>LA LISTA DEI PREMIATI:<\/p>\n<p>Clicca qui per leggere &#8211;\u00a0<a href=\"http:\/\/www.radioluna.it\/news\/wp-content\/uploads\/2014\/03\/Premiati-2014-Tabella-DEF-per-UCL-Ordine-di-premiazione.doc\">Premiati 2014 &#8211; Tabella &#8211; DEF per UCL &#8211; Ordine di premiazione<\/a><\/p>\n","protected":false},"excerpt":{"rendered":"<p>LATINA &#8211;\u00a0Sono 9 le aziende della provincia di Latina premiate nel concorso gli \u201cOrii del Lazio \u2013 Capolavori del gusto\u201d \u00a0\u00a0XXI Concorso regionale per i migliori oli extravergine di oliva,\u00a0promosso da Unioncamere Lazio (l\u2019Unione delle cinque Camere di Commercio del Lazio).\u00a0Quest\u2019anno il concorso regionale per i migliori oli extravergine d\u2019oliva ha fatto registrare la partecipazione [&hellip;]<\/p>\n","protected":false},"author":62,"featured_media":117249,"comment_status":"open","ping_status":"closed","sticky":false,"template":"","format":"standard","meta":{"footnotes":""},"categories":[11],"tags":[],"class_list":["post-148533","post","type-post","status-publish","format-standard","has-post-thumbnail","hentry","category-economia"],"_links":{"self":[{"href":"https:\/\/www.radioluna.it\/news\/wp-json\/wp\/v2\/posts\/148533","targetHints":{"allow":["GET"]}}],"collection":[{"href":"https:\/\/www.radioluna.it\/news\/wp-json\/wp\/v2\/posts"}],"about":[{"href":"https:\/\/www.radioluna.it\/news\/wp-json\/wp\/v2\/types\/post"}],"author":[{"embeddable":true,"href":"https:\/\/www.radioluna.it\/news\/wp-json\/wp\/v2\/users\/62"}],"replies":[{"embeddable":true,"href":"https:\/\/www.radioluna.it\/news\/wp-json\/wp\/v2\/comments?post=148533"}],"version-history":[{"count":0,"href":"https:\/\/www.radioluna.it\/news\/wp-json\/wp\/v2\/posts\/148533\/revisions"}],"wp:featuredmedia":[{"embeddable":true,"href":"https:\/\/www.radioluna.it\/news\/wp-json\/wp\/v2\/media\/117249"}],"wp:attachment":[{"href":"https:\/\/www.radioluna.it\/news\/wp-json\/wp\/v2\/media?parent=148533"}],"wp:term":[{"taxonomy":"category","embeddable":true,"href":"https:\/\/www.radioluna.it\/news\/wp-json\/wp\/v2\/categories?post=148533"},{"taxonomy":"post_tag","embeddable":true,"href":"https:\/\/www.radioluna.it\/news\/wp-json\/wp\/v2\/tags?post=148533"}],"curies":[{"name":"wp","href":"https:\/\/api.w.org\/{rel}","templated":true}]}}