{"id":148538,"date":"2014-03-26T13:33:45","date_gmt":"2014-03-26T12:33:45","guid":{"rendered":"http:\/\/www.radioluna.it\/news\/?p=148538"},"modified":"2014-03-26T13:33:45","modified_gmt":"2014-03-26T12:33:45","slug":"ospedale-di-fondi-caporossi-incontra-i-sindaci-del-comprensorio","status":"publish","type":"post","link":"https:\/\/www.radioluna.it\/news\/2014\/03\/ospedale-di-fondi-caporossi-incontra-i-sindaci-del-comprensorio\/","title":{"rendered":"Ospedale di Fondi, Caporossi incontra i sindaci del comprensorio"},"content":{"rendered":"<div id=\"fb-root\"><\/div>\n<div id=\"attachment_106338\" style=\"width: 310px\" class=\"wp-caption alignleft\"><img loading=\"lazy\" decoding=\"async\" aria-describedby=\"caption-attachment-106338\" class=\"size-medium wp-image-106338\" alt=\"L'ospedale San Giovanni di dio di Fondi\" src=\"http:\/\/www.radioluna.it\/news\/wp-content\/uploads\/2011\/06\/ospedale-san-giovanni-di-dio-fondi-1-300x198.jpg\" width=\"300\" height=\"198\" srcset=\"https:\/\/www.radioluna.it\/news\/wp-content\/uploads\/2011\/06\/ospedale-san-giovanni-di-dio-fondi-1-300x198.jpg 300w, https:\/\/www.radioluna.it\/news\/wp-content\/uploads\/2011\/06\/ospedale-san-giovanni-di-dio-fondi-1.jpg 400w\" sizes=\"auto, (max-width: 300px) 100vw, 300px\" \/><p id=\"caption-attachment-106338\" class=\"wp-caption-text\">L&#8217;ospedale San Giovanni di dio di Fondi<\/p><\/div>\n<p style=\"text-align: justify;\">FONDI &#8211; I\u00a0Sindaci di Fondi Salvatore De Meo, di Campodimele Roberto Zannella, di Lenola Andrea Antogiovanni, di Monte San Biagio Gesualdo Mirabella e di Sperlonga Rocco Scalingi sono stati ricevuti dal Direttore Generale della ASL di Latina Michele Caporossi, al quale hanno consegnato ed illustrato nei particolari il Documento in tema di Sanit\u00e0 approvato all\u2019unanimit\u00e0 dal Consiglio comunale di Fondi il 21 Novembre 2013 e fatto proprio anche dai Consigli comunali di tutti i Comuni del comprensorio, soffermandosi sulla urgente necessit\u00e0 di avere anche a Fondi servizi operanti h24 a supporto dei reparti esistenti, e in particolare di quello di Ostetricia.<\/p>\n<p style=\"text-align: justify;\">\u00abAbbiamo espresso decisa contrariet\u00e0 a qualsiasi ipotesi di accorpamento o trasferimento del punto nascita \u2013 riferiscono i Sindaci \u2013 cos\u00ec come prospettato nel febbraio scorso dall\u2019Assessore Ciminiello in Consiglio regionale, in quanto riteniamo che esso sia indispensabile nella rete perinatale di tutta la provincia, anche in considerazione della sempre crescente presenza di cittadini extracomunitari impegnati nell\u2019agricoltura e zootecnia e che risiedono nell\u2019area territoriale del Presidio Centro. Abbiamo inoltre rimarcato come gli ultimi provvedimenti abbiano determinato il dimezzamento delle unit\u00e0 operative della UOC di Chirurgia di Fondi, senza aver avuto alcun riscontro n\u00e9 in termini di assunzioni in deroga, pi\u00f9 volte promesse, n\u00e9 con una diversa distribuzione delle unit\u00e0 chirurgiche del Presidio, che continuano ad operare prevalentemente a Terracina\u00bb.<br \/>\nRispetto alla carenza di unit\u00e0 mediche del Presidio Centro e in particolare dell\u2019Ospedale \u201cSan Giovanni di Dio\u201d di Fondi, rappresentate dai Sindaci &#8211; si legge in una nota del Comune di Fondi &#8211; , in attesa che le deroghe gi\u00e0 ottenute vengano rese operative per poter garantire prestazioni ottimali nei vari reparti, Caporossi richieder\u00e0 al Commissario ad acta per la Sanit\u00e0 regionale Nicola Zingaretti ulteriori deroghe.<br \/>\nIl DG si \u00e8 poi ampiamente soffermato sulle necessit\u00e0 di integrare l\u2019offerta ospedaliera con l\u2019assistenza medica territoriale con le Case della Salute. &#8220;Non accetteremo eventuali ipotesi di riconversione dell\u2019Ospedale di Fondi \u2013 che deve rimanere quale punto di riferimento per gli acuti \u2013 in \u00a0Casa della Salute. Queste strutture pubbliche, infatti, non prevedono Pronto Soccorso, Servizi diagnostici e di laboratorio e posti letto per acuti, ma sono contemplate per l\u2019erogazione di cure primarie e soltanto per una determinata e programmata porzione di popolazione&#8221;, hanno risposto i sindaci.<br \/>\nI Sindaci hanno infine ribadito la loro determinazione a voler rappresentare direttamente le problematiche della Sanit\u00e0 territoriale al Commissario Zingaretti.<\/p>\n","protected":false},"excerpt":{"rendered":"<p>FONDI &#8211; I\u00a0Sindaci di Fondi Salvatore De Meo, di Campodimele Roberto Zannella, di Lenola Andrea Antogiovanni, di Monte San Biagio Gesualdo Mirabella e di Sperlonga Rocco Scalingi sono stati ricevuti dal Direttore Generale della ASL di Latina Michele Caporossi, al quale hanno consegnato ed illustrato nei particolari il Documento in tema di Sanit\u00e0 approvato all\u2019unanimit\u00e0 [&hellip;]<\/p>\n","protected":false},"author":60,"featured_media":106338,"comment_status":"open","ping_status":"closed","sticky":false,"template":"","format":"standard","meta":{"footnotes":""},"categories":[7],"tags":[],"class_list":["post-148538","post","type-post","status-publish","format-standard","has-post-thumbnail","hentry","category-cronaca"],"_links":{"self":[{"href":"https:\/\/www.radioluna.it\/news\/wp-json\/wp\/v2\/posts\/148538","targetHints":{"allow":["GET"]}}],"collection":[{"href":"https:\/\/www.radioluna.it\/news\/wp-json\/wp\/v2\/posts"}],"about":[{"href":"https:\/\/www.radioluna.it\/news\/wp-json\/wp\/v2\/types\/post"}],"author":[{"embeddable":true,"href":"https:\/\/www.radioluna.it\/news\/wp-json\/wp\/v2\/users\/60"}],"replies":[{"embeddable":true,"href":"https:\/\/www.radioluna.it\/news\/wp-json\/wp\/v2\/comments?post=148538"}],"version-history":[{"count":0,"href":"https:\/\/www.radioluna.it\/news\/wp-json\/wp\/v2\/posts\/148538\/revisions"}],"wp:featuredmedia":[{"embeddable":true,"href":"https:\/\/www.radioluna.it\/news\/wp-json\/wp\/v2\/media\/106338"}],"wp:attachment":[{"href":"https:\/\/www.radioluna.it\/news\/wp-json\/wp\/v2\/media?parent=148538"}],"wp:term":[{"taxonomy":"category","embeddable":true,"href":"https:\/\/www.radioluna.it\/news\/wp-json\/wp\/v2\/categories?post=148538"},{"taxonomy":"post_tag","embeddable":true,"href":"https:\/\/www.radioluna.it\/news\/wp-json\/wp\/v2\/tags?post=148538"}],"curies":[{"name":"wp","href":"https:\/\/api.w.org\/{rel}","templated":true}]}}