{"id":148548,"date":"2014-03-26T17:26:04","date_gmt":"2014-03-26T16:26:04","guid":{"rendered":"http:\/\/www.radioluna.it\/news\/?p=148548"},"modified":"2014-03-26T17:26:04","modified_gmt":"2014-03-26T16:26:04","slug":"congresso-uiltemp-per-i-giovani-e-tempo-di-riscatto","status":"publish","type":"post","link":"https:\/\/www.radioluna.it\/news\/2014\/03\/congresso-uiltemp-per-i-giovani-e-tempo-di-riscatto\/","title":{"rendered":"Congresso Uiltemp: &#8220;Per i giovani \u00e8 tempo di riscatto&#8221;"},"content":{"rendered":"<div id=\"fb-root\"><\/div>\n<p style=\"text-align: justify;\"><strong><img loading=\"lazy\" decoding=\"async\" class=\"alignleft size-medium wp-image-148549\" alt=\"uiltemp\" src=\"http:\/\/www.radioluna.it\/news\/wp-content\/uploads\/2014\/03\/uiltemp-300x225.jpg\" width=\"300\" height=\"225\" \/>LATINA &#8211;<\/strong> Si \u00e8 svolto oggi a Latina il 2\u00b0 Congresso Provinciale Territoriale della UILTEMP di Latina, la categoria sindacale che raggruppa e organizza i lavoratori atipici, cio\u00e8 tutte quelle persone che a vario titolo svolgono attivit\u00e0 lavorative precarie, dai lavoratori interinali, ai lavoratori a progetto, alle partite IVA, alle prestazioni occasionali per finire a tutti i disoccupati.<br \/>\nAi lavori congressuali era presente il Segretario Generale della UILTEMP di Roma e del Lazio, il Segretario Generale della UIL di Latina Luigi Garullo, oltre al Segretario uscente della UILTEMP di Latina Stefano Pasotto.<br \/>\nI temi emersi con maggior vigore nello svolgersi della discussione, sono ovviamente quelli legati al lavoro, alle incertezze, alla precariet\u00e0 e polverizzazione del tessuto lavorativo che si sta consumando nel nostro territorio, soprattutto a danno dei pi\u00f9 giovani.<br \/>\nI lavori congressuali hanno confermato Stefano Pasotto, alla carica di Segretario Provinciale per i prossimi quattro anni di mandato, mentre alla carica di componenti la Segreteria Provinciale sono stati eletti Maria Antonietta Garullo e Francesca Grenga.<br \/>\n\u201cOggi \u00e8 una giornata che guarda al futuro \u2013 dichiara il neo eletto Segretario Provinciale UILTEMP Stefano Pasotto \u2013 \u00e8 stata eletta una Segreteria provinciale composta per due terzi da donne giovani, che dovr\u00e0 ripartire proprio dal lavoro, che nel nostro territorio, pi\u00f9 che in altri rappresenta un problema drammatico soprattutto in riferimento alla disoccupazione giovanile, che in provincia di Latina ha superato di slancio la soglia del 40%, con un deterioramento \u2013 continua Pasotto \u2013 delle condizioni occupazionali che attribuiscono a Latina le peggiori performance a livello regionale, e questi \u2013 aggiunge Pasotto \u2013 sono dati rilevabili dallo studio UIL \u2013 EURES dedicato specificamente al territorio laziale\u201d.<br \/>\n\u201cInvece \u2013 taglia corto Pasotto \u2013 assistiamo addirittura a paradossi in cui si perde il lavoro anche dove in situazioni dove il lavoro c\u2019\u00e8.\u201d<br \/>\n\u201cin ogni caso \u2013 conclude Pasotto \u2013 non possiamo rassegnarci a questo stato di cose e nei prossimi quattro anni svolgeremo fino in fondo il nostro ruolo di stimolo e di difesa dei diritti, in un settore come quello dei precari in cui di diritti, ce ne sono pochi\u201d.<br \/>\n\u201cQuello che ci angoscia e ci fa rabbia \u2013 aggiunge Luigi Garullo Segretario Generale UIL Latina \u2013 \u00e8 il fatto di essere convinti che nella nostra provincia abbiamo cos\u00ec tante risorse, ambientali, industriali, turistiche e professionali, tali da consentirci uno sviluppo programmato dell&#8217;economia e del territorio, anche senza necessit\u00e0 di grandi investimenti, spesso \u2013 conclude Garullo \u2013 per creare lavoro non occorrono soldi, ma solo buona volont\u00e0, convinzione e scelte oculate che la politica locale e regionale ancora non riesce ad esprimere\u201d.<\/p>\n","protected":false},"excerpt":{"rendered":"<p>LATINA &#8211; Si \u00e8 svolto oggi a Latina il 2\u00b0 Congresso Provinciale Territoriale della UILTEMP di Latina, la categoria sindacale che raggruppa e organizza i lavoratori atipici, cio\u00e8 tutte quelle persone che a vario titolo svolgono attivit\u00e0 lavorative precarie, dai lavoratori interinali, ai lavoratori a progetto, alle partite IVA, alle prestazioni occasionali per finire a [&hellip;]<\/p>\n","protected":false},"author":60,"featured_media":0,"comment_status":"open","ping_status":"closed","sticky":false,"template":"","format":"standard","meta":{"footnotes":""},"categories":[11],"tags":[],"class_list":["post-148548","post","type-post","status-publish","format-standard","hentry","category-economia"],"_links":{"self":[{"href":"https:\/\/www.radioluna.it\/news\/wp-json\/wp\/v2\/posts\/148548","targetHints":{"allow":["GET"]}}],"collection":[{"href":"https:\/\/www.radioluna.it\/news\/wp-json\/wp\/v2\/posts"}],"about":[{"href":"https:\/\/www.radioluna.it\/news\/wp-json\/wp\/v2\/types\/post"}],"author":[{"embeddable":true,"href":"https:\/\/www.radioluna.it\/news\/wp-json\/wp\/v2\/users\/60"}],"replies":[{"embeddable":true,"href":"https:\/\/www.radioluna.it\/news\/wp-json\/wp\/v2\/comments?post=148548"}],"version-history":[{"count":0,"href":"https:\/\/www.radioluna.it\/news\/wp-json\/wp\/v2\/posts\/148548\/revisions"}],"wp:attachment":[{"href":"https:\/\/www.radioluna.it\/news\/wp-json\/wp\/v2\/media?parent=148548"}],"wp:term":[{"taxonomy":"category","embeddable":true,"href":"https:\/\/www.radioluna.it\/news\/wp-json\/wp\/v2\/categories?post=148548"},{"taxonomy":"post_tag","embeddable":true,"href":"https:\/\/www.radioluna.it\/news\/wp-json\/wp\/v2\/tags?post=148548"}],"curies":[{"name":"wp","href":"https:\/\/api.w.org\/{rel}","templated":true}]}}