{"id":148589,"date":"2014-03-27T17:26:43","date_gmt":"2014-03-27T16:26:43","guid":{"rendered":"http:\/\/www.radioluna.it\/news\/?p=148589"},"modified":"2014-03-29T16:51:58","modified_gmt":"2014-03-29T15:51:58","slug":"calcio-verso-latina-carpi-arbitra-chiffi-di-padova","status":"publish","type":"post","link":"https:\/\/www.radioluna.it\/news\/2014\/03\/calcio-verso-latina-carpi-arbitra-chiffi-di-padova\/","title":{"rendered":"Da Borgo Piave allo stadio, i tifosi &#8220;scortano&#8221; la squadra"},"content":{"rendered":"<div id=\"fb-root\"><\/div>\n<div style=\"text-align: justify;\"><strong><img loading=\"lazy\" decoding=\"async\" class=\"alignleft size-medium wp-image-146747\" alt=\"Bandierone in curva\" src=\"http:\/\/www.radioluna.it\/news\/wp-content\/uploads\/2014\/02\/Bandierone-in-curva-300x200.jpg\" width=\"300\" height=\"200\" \/>LATINA-<\/strong>\u00a0\u00a0I tifosi nerazzurri fanno quadrato attorno al Latina\u00a0 e sabato, due ore prima del match con il Carpi,\u00a0 alle 13 si ritroveranno a Borgo Piave in auto e in scooter per accompagnare la squadra che arriver\u00e0 in autobus dal ritiro pre-partita di Aprilia e sar\u00e0 diretta verso il Domenico Francioni. L&#8217;iniziativa \u00e8 nata sul muro dei tifosi nerazzurri Al\u00e8 Latina, si tratta di una grande dimostrazione d&#8217;affetto e sostegno in un momento molto delicato della stagione. Il corteo di auto e moto scorter\u00e0 il bus che\u00a0 raggiunger\u00e0 poi piazzale Prampolini.<\/p>\n<div>Intanto sar\u00e0 Daniele Chiffi di Padova a dirigere la sfida contro il Carpi. Il fischietto veneto ha gi\u00e0 diretto i nerazzurri e l&#8217;ultimo precedente risale alla gara di andata della finale dei play off che si \u00e8 giocata\u00a0 il 9 giugno del 2013 all&#8217;Arena Garibaldi di Pisa con in palio la serie B e che fin\u00ec 0-0. Al suo primo anno tra i cadetti, l&#8217;arbitro padovano che \u00e8 un ingegnere gestionale, ha diretto il Latina anche nello scorso campionato di Lega Pro, sempre contro il Pisa ma\u00a0 nella regolar season (1-0) per i pontini e poi a Pagani quando arriv\u00f2 un pareggio. Per la sfida\u00a0 contro gli emiliani il tecnico Roberto Breda sar\u00e0 costretto a dei cambiamenti forzati per sostituire in difesa Esposito e a centrocampo Crimi, entrambi squalificati. Il Latina \u00e8 reduce da tre sconfitte consecutive (Trapani, Modena e Pescara) che hanno fatto perdere terreno ai nerazzurri in chiave play off.<\/div>\n<\/div>\n","protected":false},"excerpt":{"rendered":"<p>LATINA-\u00a0\u00a0I tifosi nerazzurri fanno quadrato attorno al Latina\u00a0 e sabato, due ore prima del match con il Carpi,\u00a0 alle 13 si ritroveranno a Borgo Piave in auto e in scooter per accompagnare la squadra che arriver\u00e0 in autobus dal ritiro pre-partita di Aprilia e sar\u00e0 diretta verso il Domenico Francioni. L&#8217;iniziativa \u00e8 nata sul muro [&hellip;]<\/p>\n","protected":false},"author":60,"featured_media":137891,"comment_status":"open","ping_status":"closed","sticky":false,"template":"","format":"standard","meta":{"footnotes":""},"categories":[17],"tags":[],"class_list":["post-148589","post","type-post","status-publish","format-standard","has-post-thumbnail","hentry","category-sport"],"_links":{"self":[{"href":"https:\/\/www.radioluna.it\/news\/wp-json\/wp\/v2\/posts\/148589","targetHints":{"allow":["GET"]}}],"collection":[{"href":"https:\/\/www.radioluna.it\/news\/wp-json\/wp\/v2\/posts"}],"about":[{"href":"https:\/\/www.radioluna.it\/news\/wp-json\/wp\/v2\/types\/post"}],"author":[{"embeddable":true,"href":"https:\/\/www.radioluna.it\/news\/wp-json\/wp\/v2\/users\/60"}],"replies":[{"embeddable":true,"href":"https:\/\/www.radioluna.it\/news\/wp-json\/wp\/v2\/comments?post=148589"}],"version-history":[{"count":0,"href":"https:\/\/www.radioluna.it\/news\/wp-json\/wp\/v2\/posts\/148589\/revisions"}],"wp:featuredmedia":[{"embeddable":true,"href":"https:\/\/www.radioluna.it\/news\/wp-json\/wp\/v2\/media\/137891"}],"wp:attachment":[{"href":"https:\/\/www.radioluna.it\/news\/wp-json\/wp\/v2\/media?parent=148589"}],"wp:term":[{"taxonomy":"category","embeddable":true,"href":"https:\/\/www.radioluna.it\/news\/wp-json\/wp\/v2\/categories?post=148589"},{"taxonomy":"post_tag","embeddable":true,"href":"https:\/\/www.radioluna.it\/news\/wp-json\/wp\/v2\/tags?post=148589"}],"curies":[{"name":"wp","href":"https:\/\/api.w.org\/{rel}","templated":true}]}}