{"id":148648,"date":"2014-03-28T18:59:28","date_gmt":"2014-03-28T17:59:28","guid":{"rendered":"http:\/\/www.radioluna.it\/news\/?p=148648"},"modified":"2014-03-29T17:26:19","modified_gmt":"2014-03-29T16:26:19","slug":"coldiretti-basta-con-la-burocrazia-si-penalizzano-i-coltivatori","status":"publish","type":"post","link":"https:\/\/www.radioluna.it\/news\/2014\/03\/coldiretti-basta-con-la-burocrazia-si-penalizzano-i-coltivatori\/","title":{"rendered":"Coldiretti, Saverio Viola: &#8220;La burocrazia penalizza i coltivatori&#8221;"},"content":{"rendered":"<div id=\"fb-root\"><\/div>\n<div id=\"attachment_107822\" style=\"width: 186px\" class=\"wp-caption alignleft\"><img loading=\"lazy\" decoding=\"async\" aria-describedby=\"caption-attachment-107822\" class=\"size-medium wp-image-107822\" alt=\"Saverio Viola\" src=\"http:\/\/www.radioluna.it\/news\/wp-content\/uploads\/2011\/08\/SAVERIO.VIOLA_-176x300.jpg\" width=\"176\" height=\"300\" srcset=\"https:\/\/www.radioluna.it\/news\/wp-content\/uploads\/2011\/08\/SAVERIO.VIOLA_-176x300.jpg 176w, https:\/\/www.radioluna.it\/news\/wp-content\/uploads\/2011\/08\/SAVERIO.VIOLA_.jpg 283w\" sizes=\"auto, (max-width: 176px) 100vw, 176px\" \/><p id=\"caption-attachment-107822\" class=\"wp-caption-text\">Saverio Viola<\/p><\/div>\n<p style=\"text-align: justify;\"><strong>LATINA &#8211;<\/strong> \u201cFanno pi\u00f9 male la burocrazia e gli atteggiamenti superficiali che gli insetti che sembrerebbe, almeno secondo le disposizioni regionali, colpiscano i produttori pontini di peperone e nel caso specifico quelli della piana di Fondi, compresi i vivaisti\u201d. A parlare \u00e8 Saverio Viola, direttore di Coldiretti Latina che aggiunge \u201cSi d\u00e0 per certa la presenza di un insetto, l\u2019Anthonomus eugenii, una sorta di punteruolo, e si chiede di mandare al macero produzioni di tonnellate di prodotto, \u00a0producendo disposizioni che appaiono\u00a0 cervellotiche accompagnate da interpretazioni che sembrerebbero contraddittorie, nonch\u00e8 da deroghe poco chiare e inapplicabili. Facendo\u00a0 cos\u00ec\u00a0 si rischia di metter in ginocchio un settore che a Fondi, e nella provincia di Latina pi\u00f9 in generale, d\u00e0 lavoro a migliaia di famiglie con relativo indotto generando un volume d\u2019affari di diversi milioni di euro. Coldiretti Latina non pu\u00f2 permettere tutto ci\u00f2 e, soprattutto, non pu\u00f2 restare inerme. Per questo chiede ufficialmente all\u2019assessore regionale alle politiche agricole, Sonia Ricci, di farsi direttamente carico di questa problematica e fare chiarezza in tempi rapidi onde evitare di distruggere produzioni nate grazie al lavoro e al sacrificio dei produttori\u201d. Eppure la determina assunta dall\u2019Assessorato Regionale Agricoltura gi\u00e0 nel dicembre dello scorso anno, parla chiaro: Vengono individuate le aree dove si sarebbe riscontrata la fitopatia, suddivise in \u201carea focolaio\u201d e \u201carea tampone\u201d, ma al contempo viene anche esplicitamente prevista una deroga, ADDIRITTURA NELLA ZONA FOCOLAIO, CHE CONSENTIREBBE ALLE AZIENDE CHE NE FACCIANO RICHIESTA e previo assenso dell\u2019Ufficio Fitosanitario Regionale, di poter coltivare il peperone (o di poter continuare l\u2019attivit\u00e0 vivaistica nel settore), purch\u00e8 vengano rispettate alcune prescrizioni tendenti ad evitare la diffusione dell\u2019infestante qualora fosse presente. Ebbene, in virt\u00f9 di questa deroga che, si ripete, \u00e8 riportata proprio nella Determina Assessorile, le aziende hanno inoltrato la relativa domanda. La regione Lazio, a questo punto \u2026 ha rigettato le stesse in quanto al momento non ha ancora provveduto a far validare il protocollo di isolamento dal Comitato Fitosanitario Nazionale, come si legge in sostanza in un provvedimento di reiezione inviato ad un produttore. In sostanza, anzich\u00e8 pensare ad eventuali azioni di monitoraggio presso i produttori che hanno chiesto la deroga, al fine di verificare la presenza , in ciascuna azienda, dell\u2019insetto \u2013 aggiunge Viola \u2013 dal provvedimento di reiezione si evince invece che \u00a0si preferisce percorrere la strada delle disposizioni tese alla distruzione preventiva del prodotto a prescindere dalla presenza o meno del fenomeno e si paventa, tra l\u2019altro, anche una mancanza di collegamento tra Ministero e Regione preoccupante per gli aspetti\u00a0 normativi di riferimento. Insomma \u2013 conclude Viola amareggiato- l\u2019unica soluzione \u00e8 che l\u2019assessore Ricci intervenga per fare chiarezza e dare tranquillit\u00e0 ai produttori che sono pronti se non interverranno fatti nuovi a scendere in piazza e\u00a0 manifestare per evitare il tracollo delle proprie realt\u00e0 aziendali\u201d.\u00a0\u00a0Coldiretti Latina chiede pertanto un immediato incontro con l\u2019Assessorato competente da tenersi urgentemente a Fondi, alla presenza dell\u2019Assessore al ramo Sonia Ricci, prima che vengano messe in atto azioni coercitive di distruzione di produzioni prima ancora di aver effettuato le necessarie verifiche. Per intanto, la Giunta Esecutiva Provinciale di Coldiretti Latina ha indetto per il prossimo 15\u00a0 Aprile una manifestazione di protesta a Fondi, con conseguenti azioni eclatanti, a salvaguardia dei redditi dei produttori e dei vivaisti che operano nel settore nelle zone interessate.<\/p>\n","protected":false},"excerpt":{"rendered":"<p>LATINA &#8211; \u201cFanno pi\u00f9 male la burocrazia e gli atteggiamenti superficiali che gli insetti che sembrerebbe, almeno secondo le disposizioni regionali, colpiscano i produttori pontini di peperone e nel caso specifico quelli della piana di Fondi, compresi i vivaisti\u201d. A parlare \u00e8 Saverio Viola, direttore di Coldiretti Latina che aggiunge \u201cSi d\u00e0 per certa la [&hellip;]<\/p>\n","protected":false},"author":60,"featured_media":107822,"comment_status":"open","ping_status":"closed","sticky":false,"template":"","format":"standard","meta":{"footnotes":""},"categories":[11],"tags":[],"class_list":["post-148648","post","type-post","status-publish","format-standard","has-post-thumbnail","hentry","category-economia"],"_links":{"self":[{"href":"https:\/\/www.radioluna.it\/news\/wp-json\/wp\/v2\/posts\/148648","targetHints":{"allow":["GET"]}}],"collection":[{"href":"https:\/\/www.radioluna.it\/news\/wp-json\/wp\/v2\/posts"}],"about":[{"href":"https:\/\/www.radioluna.it\/news\/wp-json\/wp\/v2\/types\/post"}],"author":[{"embeddable":true,"href":"https:\/\/www.radioluna.it\/news\/wp-json\/wp\/v2\/users\/60"}],"replies":[{"embeddable":true,"href":"https:\/\/www.radioluna.it\/news\/wp-json\/wp\/v2\/comments?post=148648"}],"version-history":[{"count":0,"href":"https:\/\/www.radioluna.it\/news\/wp-json\/wp\/v2\/posts\/148648\/revisions"}],"wp:featuredmedia":[{"embeddable":true,"href":"https:\/\/www.radioluna.it\/news\/wp-json\/wp\/v2\/media\/107822"}],"wp:attachment":[{"href":"https:\/\/www.radioluna.it\/news\/wp-json\/wp\/v2\/media?parent=148648"}],"wp:term":[{"taxonomy":"category","embeddable":true,"href":"https:\/\/www.radioluna.it\/news\/wp-json\/wp\/v2\/categories?post=148648"},{"taxonomy":"post_tag","embeddable":true,"href":"https:\/\/www.radioluna.it\/news\/wp-json\/wp\/v2\/tags?post=148648"}],"curies":[{"name":"wp","href":"https:\/\/api.w.org\/{rel}","templated":true}]}}