{"id":148725,"date":"2014-03-31T09:58:07","date_gmt":"2014-03-31T07:58:07","guid":{"rendered":"http:\/\/www.radioluna.it\/news\/?p=148725"},"modified":"2014-03-31T11:01:30","modified_gmt":"2014-03-31T09:01:30","slug":"latina-calcio-al-centro-anziani","status":"publish","type":"post","link":"https:\/\/www.radioluna.it\/news\/2014\/03\/latina-calcio-al-centro-anziani\/","title":{"rendered":"Latina Calcio oggi al Centro Anziani"},"content":{"rendered":"<div id=\"fb-root\"><\/div>\n<p style=\"text-align: justify;\"><img loading=\"lazy\" decoding=\"async\" class=\"aligncenter size-thumbnail wp-image-148733\" alt=\"Maietta vittoria del Latina\" src=\"http:\/\/www.radioluna.it\/news\/wp-content\/uploads\/2014\/03\/Maietta-vittoria-del-Latina-635x423.jpg\" width=\"635\" height=\"423\" srcset=\"https:\/\/www.radioluna.it\/news\/wp-content\/uploads\/2014\/03\/Maietta-vittoria-del-Latina-635x423.jpg 635w, https:\/\/www.radioluna.it\/news\/wp-content\/uploads\/2014\/03\/Maietta-vittoria-del-Latina-768x512.jpg 768w, https:\/\/www.radioluna.it\/news\/wp-content\/uploads\/2014\/03\/Maietta-vittoria-del-Latina-500x333.jpg 500w, https:\/\/www.radioluna.it\/news\/wp-content\/uploads\/2014\/03\/Maietta-vittoria-del-Latina-600x400.jpg 600w, https:\/\/www.radioluna.it\/news\/wp-content\/uploads\/2014\/03\/Maietta-vittoria-del-Latina-300x200.jpg 300w, https:\/\/www.radioluna.it\/news\/wp-content\/uploads\/2014\/03\/Maietta-vittoria-del-Latina-800x533.jpg 800w, https:\/\/www.radioluna.it\/news\/wp-content\/uploads\/2014\/03\/Maietta-vittoria-del-Latina.jpg 960w\" sizes=\"auto, (max-width: 635px) 100vw, 635px\" \/>LATINA &#8211;\u00a0Torna oggi \u201cUn giorno per la nostra citt\u00e0\u201d iniziativa che le squadre di calcio di serie B organizzano per migliorare il rapporto con i territori. L\u2019iniziativa, che si \u00e8 gi\u00e0 svolta per i pi\u00f9 giovani nella palestra della scuola media Giovanni Cena, oggi \u00e8 rivolta alla terza et\u00e0 e nel pomeriggio il Latina Calcio, \u00a0squadra e dirigenza, rincuorati anche dal successo di sabato contro il Carpi, si ritroveranno al Centro Anziani Vittorio Veneto di Latina (nella foto il vicepresidente della societ\u00e0 Pasquale Maietta esulta dopo il triplice fischio di sabato). L\u2019appuntamento \u00a0\u00e8 alle 17,45. Ad aprire il programma sar\u00e0 il coro del centro, padrone di casa il presidente Aldo Pastore, poi, dopo i saluti dei vertici societari del Latina calcio e del sindaco Giovanni Di Giorgi, a partire dalle 18.30 inizieranno le attivit\u00e0 ricreative. La Lega intende cos\u00ec valorizzare la cultura, l\u2019arte, il paesaggio e le tipicit\u00e0 dei territori che ospitano i club di Serie B, con l\u2019obiettivo di restituire allo sport del calcio una dimensione pi\u00f9 umana e vicina alla propria comunit\u00e0.<\/p>\n","protected":false},"excerpt":{"rendered":"<p>LATINA &#8211;\u00a0Torna oggi \u201cUn giorno per la nostra citt\u00e0\u201d iniziativa che le squadre di calcio di serie B organizzano per migliorare il rapporto con i territori. L\u2019iniziativa, che si \u00e8 gi\u00e0 svolta per i pi\u00f9 giovani nella palestra della scuola media Giovanni Cena, oggi \u00e8 rivolta alla terza et\u00e0 e nel pomeriggio il Latina Calcio, [&hellip;]<\/p>\n","protected":false},"author":62,"featured_media":148733,"comment_status":"open","ping_status":"closed","sticky":false,"template":"","format":"standard","meta":{"footnotes":""},"categories":[16,17],"tags":[],"class_list":["post-148725","post","type-post","status-publish","format-standard","has-post-thumbnail","hentry","category-appuntamenti","category-sport"],"_links":{"self":[{"href":"https:\/\/www.radioluna.it\/news\/wp-json\/wp\/v2\/posts\/148725","targetHints":{"allow":["GET"]}}],"collection":[{"href":"https:\/\/www.radioluna.it\/news\/wp-json\/wp\/v2\/posts"}],"about":[{"href":"https:\/\/www.radioluna.it\/news\/wp-json\/wp\/v2\/types\/post"}],"author":[{"embeddable":true,"href":"https:\/\/www.radioluna.it\/news\/wp-json\/wp\/v2\/users\/62"}],"replies":[{"embeddable":true,"href":"https:\/\/www.radioluna.it\/news\/wp-json\/wp\/v2\/comments?post=148725"}],"version-history":[{"count":0,"href":"https:\/\/www.radioluna.it\/news\/wp-json\/wp\/v2\/posts\/148725\/revisions"}],"wp:featuredmedia":[{"embeddable":true,"href":"https:\/\/www.radioluna.it\/news\/wp-json\/wp\/v2\/media\/148733"}],"wp:attachment":[{"href":"https:\/\/www.radioluna.it\/news\/wp-json\/wp\/v2\/media?parent=148725"}],"wp:term":[{"taxonomy":"category","embeddable":true,"href":"https:\/\/www.radioluna.it\/news\/wp-json\/wp\/v2\/categories?post=148725"},{"taxonomy":"post_tag","embeddable":true,"href":"https:\/\/www.radioluna.it\/news\/wp-json\/wp\/v2\/tags?post=148725"}],"curies":[{"name":"wp","href":"https:\/\/api.w.org\/{rel}","templated":true}]}}