{"id":148773,"date":"2014-04-01T11:22:56","date_gmt":"2014-04-01T09:22:56","guid":{"rendered":"http:\/\/www.radioluna.it\/news\/?p=148773"},"modified":"2014-04-01T11:22:56","modified_gmt":"2014-04-01T09:22:56","slug":"calcio-a-5-ultimo-match-in-casa-per-la-rapidoo","status":"publish","type":"post","link":"https:\/\/www.radioluna.it\/news\/2014\/04\/calcio-a-5-ultimo-match-in-casa-per-la-rapidoo\/","title":{"rendered":"Calcio a 5, ultimo match in casa per la Rapidoo"},"content":{"rendered":"<div id=\"fb-root\"><\/div>\n<div id=\"attachment_148617\" style=\"width: 896px\" class=\"wp-caption aligncenter\"><img loading=\"lazy\" decoding=\"async\" aria-describedby=\"caption-attachment-148617\" class=\"size-full wp-image-148617\" alt=\"Il capitano Lucas Maina\" src=\"http:\/\/www.radioluna.it\/news\/wp-content\/uploads\/2014\/03\/rapidoo.jpg\" width=\"886\" height=\"350\" srcset=\"https:\/\/www.radioluna.it\/news\/wp-content\/uploads\/2014\/03\/rapidoo.jpg 886w, https:\/\/www.radioluna.it\/news\/wp-content\/uploads\/2014\/03\/rapidoo-300x119.jpg 300w, https:\/\/www.radioluna.it\/news\/wp-content\/uploads\/2014\/03\/rapidoo-768x303.jpg 768w, https:\/\/www.radioluna.it\/news\/wp-content\/uploads\/2014\/03\/rapidoo-500x198.jpg 500w, https:\/\/www.radioluna.it\/news\/wp-content\/uploads\/2014\/03\/rapidoo-635x250.jpg 635w, https:\/\/www.radioluna.it\/news\/wp-content\/uploads\/2014\/03\/rapidoo-800x316.jpg 800w\" sizes=\"auto, (max-width: 886px) 100vw, 886px\" \/><p id=\"caption-attachment-148617\" class=\"wp-caption-text\">Il capitano Lucas Maina<\/p><\/div>\n<p style=\"text-align: justify;\">LATINA &#8211;\u00a0Ancora due partite al termine di una stagione fantastica. Due sfide alla conclusione di un sogno che, nonostante i debiti e giustificati scongiuri del presidente, Gianluca La Starza, sta diventando realt\u00e0 per la Rapidoo Latina Calcio a 5 che, dopo la vittoria di sabato 29 marzo contro la Libertas Eraclea, lunedi 31 \u00e8 tornata al lavoro al PalaBianchini per iniziare a preparare la prossima sfida interna contro il Salinis.<\/p>\n<p style=\"text-align: justify;\">Quella di sabato prossimo, 5 aprile, al PalaBianchini, sar\u00e0 una giornata molto particolare. Non solo perch\u00e8 la compagine di Luca Giampaolo si congeder\u00e0 dal proprio pubblico con l&#8217;ultima partita casalinga della stagione, ma anche perch\u00e9, nel catino di via dei Mille, sar\u00e0 ospite della Rapidoo Latina Calcio a 5, Cristiano Sandri, presidente della Fondazione Sandri, da due anni a questa parte vicina alla Rapidoo Latina Calcio a 5 e fratello di Gabriele Sandri. \u201cCristiano \u00e8 un nostro amico e con la sua Fondazione sta facendo davvero delle grandi cose. E, nel ricordo di Gabriele, lo abbiamo invitato di nuovo al PalaBianchini, perch\u00e8 la societ\u00e0 di cui io sono presidente \u2013 ha tenuto a precisare Gianluca La Starza \u2013 \u00e8 sensibile a queste cose ed ad una iniziativa molto importante a livello sociale e sportivo. Cristiano sar\u00e0 in tribuna ad assistere alla partita contro il Salinis e noi siamo fieri che lui divida con noi questo splendido momento per il nostro sodalizio\u201d.<\/p>\n<p style=\"text-align: justify;\">&#8220;Al di l\u00e0 di come andr\u00e0 a finire, per\u00f2, vorrei spendere due parole per la nostra societ\u00e0, per il mio staff tecnico, per i nostri giocatori, per tutte quelle persone che hanno contribuito a quella che \u00e8 la realizzazione di un bel sogno. E con noi \u2013 ha spiegato Giampaolo \u2013 anche il Corigliano. Al di l\u00e0 di come andr\u00e0 a finire, infatti, credo che noi e la formazione calabrese, abbiamo dato vita ad un duello splendido, ad un qualcosa di veramente meraviglioso, al pi\u00f9 bel campionato di serie A2 degli ultimi dieci anni, molto probabilmente. Mi premeva dire queste cose, perch\u00e8 credo \u2013 ha concluso Giampaolo \u2013 che sia sotto gli occhi di tutti quello che queste due squadre, noi e il Corigliano, hanno fatto sino a questo momento. Ora ci giocheremo queste ultime due giornate e, poi, sabato 12 aprile, al termine dell&#8217;ultima giornata di campionato, tireremo le somme\u201d.<\/p>\n<p>&nbsp;<\/p>\n<p>&nbsp;<\/p>\n<p>&nbsp;<\/p>\n","protected":false},"excerpt":{"rendered":"<p>LATINA &#8211;\u00a0Ancora due partite al termine di una stagione fantastica. Due sfide alla conclusione di un sogno che, nonostante i debiti e giustificati scongiuri del presidente, Gianluca La Starza, sta diventando realt\u00e0 per la Rapidoo Latina Calcio a 5 che, dopo la vittoria di sabato 29 marzo contro la Libertas Eraclea, lunedi 31 \u00e8 tornata [&hellip;]<\/p>\n","protected":false},"author":60,"featured_media":148617,"comment_status":"open","ping_status":"closed","sticky":false,"template":"","format":"standard","meta":{"footnotes":""},"categories":[17],"tags":[],"class_list":["post-148773","post","type-post","status-publish","format-standard","has-post-thumbnail","hentry","category-sport"],"_links":{"self":[{"href":"https:\/\/www.radioluna.it\/news\/wp-json\/wp\/v2\/posts\/148773","targetHints":{"allow":["GET"]}}],"collection":[{"href":"https:\/\/www.radioluna.it\/news\/wp-json\/wp\/v2\/posts"}],"about":[{"href":"https:\/\/www.radioluna.it\/news\/wp-json\/wp\/v2\/types\/post"}],"author":[{"embeddable":true,"href":"https:\/\/www.radioluna.it\/news\/wp-json\/wp\/v2\/users\/60"}],"replies":[{"embeddable":true,"href":"https:\/\/www.radioluna.it\/news\/wp-json\/wp\/v2\/comments?post=148773"}],"version-history":[{"count":0,"href":"https:\/\/www.radioluna.it\/news\/wp-json\/wp\/v2\/posts\/148773\/revisions"}],"wp:featuredmedia":[{"embeddable":true,"href":"https:\/\/www.radioluna.it\/news\/wp-json\/wp\/v2\/media\/148617"}],"wp:attachment":[{"href":"https:\/\/www.radioluna.it\/news\/wp-json\/wp\/v2\/media?parent=148773"}],"wp:term":[{"taxonomy":"category","embeddable":true,"href":"https:\/\/www.radioluna.it\/news\/wp-json\/wp\/v2\/categories?post=148773"},{"taxonomy":"post_tag","embeddable":true,"href":"https:\/\/www.radioluna.it\/news\/wp-json\/wp\/v2\/tags?post=148773"}],"curies":[{"name":"wp","href":"https:\/\/api.w.org\/{rel}","templated":true}]}}