{"id":148801,"date":"2014-04-01T17:05:44","date_gmt":"2014-04-01T15:05:44","guid":{"rendered":"http:\/\/www.radioluna.it\/news\/?p=148801"},"modified":"2014-04-01T17:05:44","modified_gmt":"2014-04-01T15:05:44","slug":"centrale-biogas-alla-chiesuola-emerse-numerose-criticita","status":"publish","type":"post","link":"https:\/\/www.radioluna.it\/news\/2014\/04\/centrale-biogas-alla-chiesuola-emerse-numerose-criticita\/","title":{"rendered":"Centrale biogas alla Chiesuola, emerse numerose criticit\u00e0"},"content":{"rendered":"<div id=\"fb-root\"><\/div>\n<p style=\"text-align: justify;\"><strong><img loading=\"lazy\" decoding=\"async\" class=\"alignleft size-medium wp-image-134540\" alt=\"comune latina con palla\" src=\"http:\/\/www.radioluna.it\/news\/wp-content\/uploads\/2013\/04\/comune-latina-con-palla-225x300.jpg\" width=\"225\" height=\"300\" srcset=\"https:\/\/www.radioluna.it\/news\/wp-content\/uploads\/2013\/04\/comune-latina-con-palla-225x300.jpg 225w, https:\/\/www.radioluna.it\/news\/wp-content\/uploads\/2013\/04\/comune-latina-con-palla.jpg 375w\" sizes=\"auto, (max-width: 225px) 100vw, 225px\" \/>LATINA &#8211;<\/strong> Si \u00e8 tenuta questa mattina in Comune l\u2019apposita conferenza dei servizi convocata dal sindaco di Latina, Giovanni Di Giorgi, per analizzare l\u2019iter procedurale relativo al progetto presentato dalla \u201cSociet\u00e0 Energetica srl\u201d al Comune di Latina, per la realizzazione di un impianto a biogas della portata di 300 Kilowatt in zona Chiesuola.<\/p>\n<p style=\"text-align: justify;\">Nel corso della riunione, alla presenza, tra gli altri, dei tecnici comunali, degli assessori Fabrizio Cirilli e Angelo Tripodi, del comandante della Polizia locale, Francesco Passaretti, del direttore generale del Comune, Rino Monti, e del Capo di gabinetto del sindaco, Gianfranco Melaragni, sono emerse diverse criticit\u00e0 relative al suddetto iter. E\u2019 stato verificato, infatti, che il progetto presentato risulta palesemente in contrasto con la norma di salvaguardia delle aree agricole, approvata dal Consiglio comunale nel dicembre del 2012. La norma, nata sulle esigenze relative alla necessit\u00e0 di bloccare eventuali estensioni del perimetro della discarica di Borgo Montello, \u00e8 valida per l\u2019intero territorio comunale e prevede che sullo stesso non possano essere realizzati nuovi impianti (o ampliamento degli esistenti) che prevedano l\u2019utilizzo di rifiuti o altri materiali organici all\u2019interno della fascia di rispetto, vale a dire almeno cento metri da zone abitate e in cui ci deve essere la presenza della fascia boschiva.<\/p>\n<p style=\"text-align: justify;\">La norma di salvaguardia, voluta in particolare dal sindaco Giovanni Di Giorgi e dall\u2019assessore Fabrizio Cirilli, e approvata dalla maggioranza in Consiglio comunale, ha rappresentato uno dei pi\u00f9 efficaci strumenti a garanzia dei cittadini del territorio relativamente all\u2019ampliamento della discarica di Borgo Montello e la sua efficacia \u00e8 confermata anche e soprattutto rispetto alla realizzazione di nuovi impianti sul territorio.<\/p>\n<p style=\"text-align: justify;\">Nel corso della conferenza dei servizi, inoltre, \u00e8 stato rilevato che l\u2019iter procedurale avviato risulta ancora incompleto in quanto l\u2019azienda che intende realizzare la centrale biogas non ha presentato tutta la documentazione richiesta; in particolare manca la polizza fideiussoria necessaria a garantire anche il costo di dismissione dell\u2019impianto. Il progetto presenta inoltre altre criticit\u00e0 legate all\u2019impatto ambientale, tra cui problemi di viabilit\u00e0, visto che nella zona arriveranno molti Tir per trasportare i materiali per alimentare la centrale. In tal senso \u00e8 stato chiesto al comandante della Polizia locale di produrre una dettagliata relazione, in base alla tipologia del progetto presentato, circa l\u2019impatto sulla mobilit\u00e0 dell\u2019intera zona.<\/p>\n<p style=\"text-align: justify;\">Infine, occorre valutare la compatibilit\u00e0 del progetto in questione con la presenza delle strumentazioni ed impianti radar della vicina base dell\u2019Aeronautica militare.<\/p>\n<p style=\"text-align: justify;\">Ad oggi, dunque, il Comune di Latina non ha rilasciato alcuna autorizzazione alla \u201cSociet\u00e0 Energetica srl\u201d per la realizzazione di un impianto a biogas n\u00e9 rilascer\u00e0 alcuna autorizzazione allo stato attuale viste le criticit\u00e0 emerse.<\/p>\n<p>&nbsp;<\/p>\n","protected":false},"excerpt":{"rendered":"<p>LATINA &#8211; Si \u00e8 tenuta questa mattina in Comune l\u2019apposita conferenza dei servizi convocata dal sindaco di Latina, Giovanni Di Giorgi, per analizzare l\u2019iter procedurale relativo al progetto presentato dalla \u201cSociet\u00e0 Energetica srl\u201d al Comune di Latina, per la realizzazione di un impianto a biogas della portata di 300 Kilowatt in zona Chiesuola. Nel corso [&hellip;]<\/p>\n","protected":false},"author":60,"featured_media":134540,"comment_status":"open","ping_status":"closed","sticky":false,"template":"","format":"standard","meta":{"footnotes":""},"categories":[12],"tags":[],"class_list":["post-148801","post","type-post","status-publish","format-standard","has-post-thumbnail","hentry","category-ambiente"],"_links":{"self":[{"href":"https:\/\/www.radioluna.it\/news\/wp-json\/wp\/v2\/posts\/148801","targetHints":{"allow":["GET"]}}],"collection":[{"href":"https:\/\/www.radioluna.it\/news\/wp-json\/wp\/v2\/posts"}],"about":[{"href":"https:\/\/www.radioluna.it\/news\/wp-json\/wp\/v2\/types\/post"}],"author":[{"embeddable":true,"href":"https:\/\/www.radioluna.it\/news\/wp-json\/wp\/v2\/users\/60"}],"replies":[{"embeddable":true,"href":"https:\/\/www.radioluna.it\/news\/wp-json\/wp\/v2\/comments?post=148801"}],"version-history":[{"count":0,"href":"https:\/\/www.radioluna.it\/news\/wp-json\/wp\/v2\/posts\/148801\/revisions"}],"wp:featuredmedia":[{"embeddable":true,"href":"https:\/\/www.radioluna.it\/news\/wp-json\/wp\/v2\/media\/134540"}],"wp:attachment":[{"href":"https:\/\/www.radioluna.it\/news\/wp-json\/wp\/v2\/media?parent=148801"}],"wp:term":[{"taxonomy":"category","embeddable":true,"href":"https:\/\/www.radioluna.it\/news\/wp-json\/wp\/v2\/categories?post=148801"},{"taxonomy":"post_tag","embeddable":true,"href":"https:\/\/www.radioluna.it\/news\/wp-json\/wp\/v2\/tags?post=148801"}],"curies":[{"name":"wp","href":"https:\/\/api.w.org\/{rel}","templated":true}]}}