{"id":148804,"date":"2014-04-01T17:16:06","date_gmt":"2014-04-01T15:16:06","guid":{"rendered":"http:\/\/www.radioluna.it\/news\/?p=148804"},"modified":"2014-04-01T21:53:38","modified_gmt":"2014-04-01T19:53:38","slug":"omicidio-a-sezze-scalo-udienza-rinviata-a-maggio","status":"publish","type":"post","link":"https:\/\/www.radioluna.it\/news\/2014\/04\/omicidio-a-sezze-scalo-udienza-rinviata-a-maggio\/","title":{"rendered":"Omicidio a Sezze Scalo, respinta la richiesta di risarcimento"},"content":{"rendered":"<div id=\"fb-root\"><\/div>\n<div style=\"text-align: justify;\"><strong><img loading=\"lazy\" decoding=\"async\" class=\"alignleft size-medium wp-image-127339\" alt=\"arrestati-omicidio1\" src=\"http:\/\/www.radioluna.it\/news\/wp-content\/uploads\/2012\/10\/arrestati-omicidio1-300x80.jpg\" width=\"300\" height=\"80\" \/>LATINA-<\/strong> L&#8217;udienza \u00e8 stata rinviata al prossimo 20 maggio, la proposta di risarcimento presentata dagli imputati per le parti civili non \u00e8 stata accolta. E&#8217; quello che \u00e8 emerso oggi in Tribunale nell&#8217;aula della Corte d&#8217;Assise per il duplice omicidio in cui erano stati uccisi Tiziano Marchionne e Alessandro Radicioli in un&#8217;area di servizio a Sezze Scalo nell&#8217;ottobre del 2012. Sono tre gli imputati: Enrico, Stefano e Maurizio Botticelli che devono rispondere di duplice omicidio volontario e anche tentato omicidio. La somma proposta per il risarcimento \u00e8 stata di 810mila euro di cui 400mila per ognuna delle famiglie decedute e 10mila euro invece per Gianluca Ciprian che si era miracolosamente salvato nel corso dell&#8217;agguato.<\/div>\n","protected":false},"excerpt":{"rendered":"<p>LATINA- L&#8217;udienza \u00e8 stata rinviata al prossimo 20 maggio, la proposta di risarcimento presentata dagli imputati per le parti civili non \u00e8 stata accolta. E&#8217; quello che \u00e8 emerso oggi in Tribunale nell&#8217;aula della Corte d&#8217;Assise per il duplice omicidio in cui erano stati uccisi Tiziano Marchionne e Alessandro Radicioli in un&#8217;area di servizio a [&hellip;]<\/p>\n","protected":false},"author":60,"featured_media":0,"comment_status":"open","ping_status":"closed","sticky":false,"template":"","format":"standard","meta":{"footnotes":""},"categories":[7],"tags":[],"class_list":["post-148804","post","type-post","status-publish","format-standard","hentry","category-cronaca"],"_links":{"self":[{"href":"https:\/\/www.radioluna.it\/news\/wp-json\/wp\/v2\/posts\/148804","targetHints":{"allow":["GET"]}}],"collection":[{"href":"https:\/\/www.radioluna.it\/news\/wp-json\/wp\/v2\/posts"}],"about":[{"href":"https:\/\/www.radioluna.it\/news\/wp-json\/wp\/v2\/types\/post"}],"author":[{"embeddable":true,"href":"https:\/\/www.radioluna.it\/news\/wp-json\/wp\/v2\/users\/60"}],"replies":[{"embeddable":true,"href":"https:\/\/www.radioluna.it\/news\/wp-json\/wp\/v2\/comments?post=148804"}],"version-history":[{"count":0,"href":"https:\/\/www.radioluna.it\/news\/wp-json\/wp\/v2\/posts\/148804\/revisions"}],"wp:attachment":[{"href":"https:\/\/www.radioluna.it\/news\/wp-json\/wp\/v2\/media?parent=148804"}],"wp:term":[{"taxonomy":"category","embeddable":true,"href":"https:\/\/www.radioluna.it\/news\/wp-json\/wp\/v2\/categories?post=148804"},{"taxonomy":"post_tag","embeddable":true,"href":"https:\/\/www.radioluna.it\/news\/wp-json\/wp\/v2\/tags?post=148804"}],"curies":[{"name":"wp","href":"https:\/\/api.w.org\/{rel}","templated":true}]}}