{"id":148831,"date":"2014-04-02T13:52:43","date_gmt":"2014-04-02T11:52:43","guid":{"rendered":"http:\/\/www.radioluna.it\/news\/?p=148831"},"modified":"2014-04-02T13:52:43","modified_gmt":"2014-04-02T11:52:43","slug":"nuovo-centro-destra-scelti-i-vertici-locali","status":"publish","type":"post","link":"https:\/\/www.radioluna.it\/news\/2014\/04\/nuovo-centro-destra-scelti-i-vertici-locali\/","title":{"rendered":"Nuovo Centro Destra, scelti i vertici locali"},"content":{"rendered":"<div id=\"fb-root\"><\/div>\n<p style=\"text-align: justify;\"><img loading=\"lazy\" decoding=\"async\" class=\"aligncenter size-thumbnail wp-image-148832\" alt=\"davide cipolla ed Enrico Tiero\" src=\"http:\/\/www.radioluna.it\/news\/wp-content\/uploads\/2014\/04\/davide-cipolla-ed-Enrico-Tiero-635x476.jpg\" width=\"635\" height=\"476\" srcset=\"https:\/\/www.radioluna.it\/news\/wp-content\/uploads\/2014\/04\/davide-cipolla-ed-Enrico-Tiero-635x476.jpg 635w, https:\/\/www.radioluna.it\/news\/wp-content\/uploads\/2014\/04\/davide-cipolla-ed-Enrico-Tiero-768x576.jpg 768w, https:\/\/www.radioluna.it\/news\/wp-content\/uploads\/2014\/04\/davide-cipolla-ed-Enrico-Tiero-500x375.jpg 500w, https:\/\/www.radioluna.it\/news\/wp-content\/uploads\/2014\/04\/davide-cipolla-ed-Enrico-Tiero-300x225.jpg 300w, https:\/\/www.radioluna.it\/news\/wp-content\/uploads\/2014\/04\/davide-cipolla-ed-Enrico-Tiero-800x600.jpg 800w, https:\/\/www.radioluna.it\/news\/wp-content\/uploads\/2014\/04\/davide-cipolla-ed-Enrico-Tiero.jpg 816w\" sizes=\"auto, (max-width: 635px) 100vw, 635px\" \/>ROCCAGORGA &#8211;\u00a0Avviata la fase organizzativa del comune di Roccagorga per il partito di Alfano. Il nuovo centro destra ha una sua rappresentanza locale e soprattutto sar\u00e0 presente con un proprio candidato alle prossime elezioni amministrative per il rinnovo del consiglio comunale del comune pontino.\u00a0Proprio in questi giorni alla presenza del coordinatore provinciale Enrico Tiero \u00e8 stata ratificata la scelta dei vertici locali. Sono: \u00a0Cesidio Ordiseri, Guido Foglietta, Camillo Mirarchi, Augusto Menta e Antonio Menta. Coordina il gruppo il giovane Davide Cipolla.<\/p>\n<p style=\"text-align: justify;\">\u201cStiamo allargando la nostra rappresentanza in ambito provinciale \u2013 ha detto Enrico Tiero \u2013 con una struttura fatta anche di giovani come \u00e8 avvenuto con il coordinatore comunale di Roccagorga. Dare fiducia ai giovani \u00e8 uno dei nostri principali obiettivi perch\u00e9 attraverso loro vogliamo formare quella nuova classe dirigente in grado di dare nuovo impulso alla politica anche con soggetti che poco hanno avuto a che fare nel passato con la politica\u201d.<br \/>\nAnche Davide Cipolla si \u00e8 detto soddisfatto della nomina ricevuta. \u201cRappresentare il partito di Alfano per me \u00e8 motivo di orgoglio in una fase cosi delicata anche per la politica locale di Roccagorga. Il prossimo mese di maggio \u2013 ha detto Cipolla \u2013 si voter\u00e0 per il rinnovo del consiglio comunale del nostro comune e dobbiamo essere pronti a questo importante appuntamento. Ringrazio Tiero e gli amici che sono con me nel coordinamento per la fiducia che mi \u00e8 stata accordata\u201d.<\/p>\n","protected":false},"excerpt":{"rendered":"<p>ROCCAGORGA &#8211;\u00a0Avviata la fase organizzativa del comune di Roccagorga per il partito di Alfano. Il nuovo centro destra ha una sua rappresentanza locale e soprattutto sar\u00e0 presente con un proprio candidato alle prossime elezioni amministrative per il rinnovo del consiglio comunale del comune pontino.\u00a0Proprio in questi giorni alla presenza del coordinatore provinciale Enrico Tiero \u00e8 [&hellip;]<\/p>\n","protected":false},"author":62,"featured_media":148832,"comment_status":"open","ping_status":"closed","sticky":false,"template":"","format":"standard","meta":{"footnotes":""},"categories":[8],"tags":[],"class_list":["post-148831","post","type-post","status-publish","format-standard","has-post-thumbnail","hentry","category-politica"],"_links":{"self":[{"href":"https:\/\/www.radioluna.it\/news\/wp-json\/wp\/v2\/posts\/148831","targetHints":{"allow":["GET"]}}],"collection":[{"href":"https:\/\/www.radioluna.it\/news\/wp-json\/wp\/v2\/posts"}],"about":[{"href":"https:\/\/www.radioluna.it\/news\/wp-json\/wp\/v2\/types\/post"}],"author":[{"embeddable":true,"href":"https:\/\/www.radioluna.it\/news\/wp-json\/wp\/v2\/users\/62"}],"replies":[{"embeddable":true,"href":"https:\/\/www.radioluna.it\/news\/wp-json\/wp\/v2\/comments?post=148831"}],"version-history":[{"count":0,"href":"https:\/\/www.radioluna.it\/news\/wp-json\/wp\/v2\/posts\/148831\/revisions"}],"wp:featuredmedia":[{"embeddable":true,"href":"https:\/\/www.radioluna.it\/news\/wp-json\/wp\/v2\/media\/148832"}],"wp:attachment":[{"href":"https:\/\/www.radioluna.it\/news\/wp-json\/wp\/v2\/media?parent=148831"}],"wp:term":[{"taxonomy":"category","embeddable":true,"href":"https:\/\/www.radioluna.it\/news\/wp-json\/wp\/v2\/categories?post=148831"},{"taxonomy":"post_tag","embeddable":true,"href":"https:\/\/www.radioluna.it\/news\/wp-json\/wp\/v2\/tags?post=148831"}],"curies":[{"name":"wp","href":"https:\/\/api.w.org\/{rel}","templated":true}]}}