{"id":148844,"date":"2014-04-02T17:19:43","date_gmt":"2014-04-02T15:19:43","guid":{"rendered":"http:\/\/www.radioluna.it\/news\/?p=148844"},"modified":"2014-04-03T09:37:19","modified_gmt":"2014-04-03T07:37:19","slug":"incidente-a-terracina-unauto-si-ribalta-in-via-pantani-da-basso","status":"publish","type":"post","link":"https:\/\/www.radioluna.it\/news\/2014\/04\/incidente-a-terracina-unauto-si-ribalta-in-via-pantani-da-basso\/","title":{"rendered":"Incidente a Terracina, un&#8217;auto si ribalta in via Pantani da Basso"},"content":{"rendered":"<div id=\"fb-root\"><\/div>\n<p><img loading=\"lazy\" decoding=\"async\" class=\"alignleft size-thumbnail wp-image-111534\" alt=\"ambulanza-ok\" src=\"http:\/\/www.radioluna.it\/news\/wp-content\/uploads\/2011\/11\/ambulanza-ok-150x150.jpg\" width=\"150\" height=\"150\" srcset=\"https:\/\/www.radioluna.it\/news\/wp-content\/uploads\/2011\/11\/ambulanza-ok-150x150.jpg 150w, https:\/\/www.radioluna.it\/news\/wp-content\/uploads\/2011\/11\/ambulanza-ok-300x300.jpg 300w, https:\/\/www.radioluna.it\/news\/wp-content\/uploads\/2011\/11\/ambulanza-ok-50x50.jpg 50w, https:\/\/www.radioluna.it\/news\/wp-content\/uploads\/2011\/11\/ambulanza-ok-80x80.jpg 80w\" sizes=\"auto, (max-width: 150px) 100vw, 150px\" \/><\/p>\n<p style=\"text-align: justify;\"><strong>TERRACINA<\/strong> &#8211; Un grave incidente stradale \u00e8 avvenuto oggi in tarda mattinata in via Pantani da Basso a Terracina, un uomo di 34 anni che era a bordo di un&#8217;auto, una Opel Agila che si \u00e8 ribaltata \u00e8 rimasto gravemente ferito ed \u00e8 ricoverato in condizioni molto delicate al Fiorini di Terracina. La dinamica del sinistro \u00e8 in fase di ricostruzione da parte della polizia locale.<\/p>\n<p>&nbsp;<\/p>\n<p>&nbsp;<\/p>\n","protected":false},"excerpt":{"rendered":"<p>TERRACINA &#8211; Un grave incidente stradale \u00e8 avvenuto oggi in tarda mattinata in via Pantani da Basso a Terracina, un uomo di 34 anni che era a bordo di un&#8217;auto, una Opel Agila che si \u00e8 ribaltata \u00e8 rimasto gravemente ferito ed \u00e8 ricoverato in condizioni molto delicate al Fiorini di Terracina. La dinamica del [&hellip;]<\/p>\n","protected":false},"author":60,"featured_media":111534,"comment_status":"open","ping_status":"closed","sticky":false,"template":"","format":"standard","meta":{"footnotes":""},"categories":[7],"tags":[],"class_list":["post-148844","post","type-post","status-publish","format-standard","has-post-thumbnail","hentry","category-cronaca"],"_links":{"self":[{"href":"https:\/\/www.radioluna.it\/news\/wp-json\/wp\/v2\/posts\/148844","targetHints":{"allow":["GET"]}}],"collection":[{"href":"https:\/\/www.radioluna.it\/news\/wp-json\/wp\/v2\/posts"}],"about":[{"href":"https:\/\/www.radioluna.it\/news\/wp-json\/wp\/v2\/types\/post"}],"author":[{"embeddable":true,"href":"https:\/\/www.radioluna.it\/news\/wp-json\/wp\/v2\/users\/60"}],"replies":[{"embeddable":true,"href":"https:\/\/www.radioluna.it\/news\/wp-json\/wp\/v2\/comments?post=148844"}],"version-history":[{"count":0,"href":"https:\/\/www.radioluna.it\/news\/wp-json\/wp\/v2\/posts\/148844\/revisions"}],"wp:featuredmedia":[{"embeddable":true,"href":"https:\/\/www.radioluna.it\/news\/wp-json\/wp\/v2\/media\/111534"}],"wp:attachment":[{"href":"https:\/\/www.radioluna.it\/news\/wp-json\/wp\/v2\/media?parent=148844"}],"wp:term":[{"taxonomy":"category","embeddable":true,"href":"https:\/\/www.radioluna.it\/news\/wp-json\/wp\/v2\/categories?post=148844"},{"taxonomy":"post_tag","embeddable":true,"href":"https:\/\/www.radioluna.it\/news\/wp-json\/wp\/v2\/tags?post=148844"}],"curies":[{"name":"wp","href":"https:\/\/api.w.org\/{rel}","templated":true}]}}