{"id":148865,"date":"2014-04-03T12:14:36","date_gmt":"2014-04-03T10:14:36","guid":{"rendered":"http:\/\/www.radioluna.it\/news\/?p=148865"},"modified":"2014-04-03T12:22:51","modified_gmt":"2014-04-03T10:22:51","slug":"the-voice-emiliano-valverde-nella-squadra-di-j-ax","status":"publish","type":"post","link":"https:\/\/www.radioluna.it\/news\/2014\/04\/the-voice-emiliano-valverde-nella-squadra-di-j-ax\/","title":{"rendered":"The Voice, Emiliano Valverde nella squadra di J-Ax"},"content":{"rendered":"<div id=\"fb-root\"><\/div>\n<p style=\"text-align: justify;\"><img loading=\"lazy\" decoding=\"async\" class=\"aligncenter size-full wp-image-148868\" alt=\"emiliano\" src=\"http:\/\/www.radioluna.it\/news\/wp-content\/uploads\/2014\/04\/emiliano.jpg\" width=\"480\" height=\"582\" srcset=\"https:\/\/www.radioluna.it\/news\/wp-content\/uploads\/2014\/04\/emiliano.jpg 480w, https:\/\/www.radioluna.it\/news\/wp-content\/uploads\/2014\/04\/emiliano-247x300.jpg 247w\" sizes=\"auto, (max-width: 480px) 100vw, 480px\" \/>LATINA &#8211; Anche quest&#8217;anno un pontino accede a The Voice of Italy. Si chiama \u00a0Emiliano Valverde ha 27 anni e prima dell&#8217;universit\u00e0 ha frequentato l&#8217;istituto per geometri di Latina &#8220;Angelo Sani&#8221;. Da ieri fa parte del team di J-Ax . \u00a0Dopo la quarta puntata di mercoled\u00ec 2 aprile, Emiliano e altre 13 voci hanno superato le cosiddette Blind Audition (le audizioni al buio) della trasmissione condotta da Federico Russo, entrando nelle squadre dei quattro coach Raffaella Carr\u00e0, J-ax, Noemi e Piero Pel\u00f9.<\/p>\n<p style=\"text-align: justify;\">L&#8217;ultimo appuntamento con le selezioni \u00e8 in programma mercoled\u00ec 9 aprile, sempre alle ore 21:00 su Rai2. Ciascun coach potr\u00e0 completare la propria squadra, per un totale di 16 cantanti ciascuna.<\/p>\n<p>La vincitrice della prima edizione di The Voice of Italy, Elhaida Dani, oggi ventenne, \u00e8\u00a0originaria di \u00a0Tirana, ma vive a Formia. Era nel team Cocciante.<\/p>\n","protected":false},"excerpt":{"rendered":"<p>LATINA &#8211; Anche quest&#8217;anno un pontino accede a The Voice of Italy. Si chiama \u00a0Emiliano Valverde ha 27 anni e prima dell&#8217;universit\u00e0 ha frequentato l&#8217;istituto per geometri di Latina &#8220;Angelo Sani&#8221;. Da ieri fa parte del team di J-Ax . \u00a0Dopo la quarta puntata di mercoled\u00ec 2 aprile, Emiliano e altre 13 voci hanno superato [&hellip;]<\/p>\n","protected":false},"author":62,"featured_media":148868,"comment_status":"open","ping_status":"closed","sticky":false,"template":"","format":"standard","meta":{"footnotes":""},"categories":[735],"tags":[],"class_list":["post-148865","post","type-post","status-publish","format-standard","has-post-thumbnail","hentry","category-attualita"],"_links":{"self":[{"href":"https:\/\/www.radioluna.it\/news\/wp-json\/wp\/v2\/posts\/148865","targetHints":{"allow":["GET"]}}],"collection":[{"href":"https:\/\/www.radioluna.it\/news\/wp-json\/wp\/v2\/posts"}],"about":[{"href":"https:\/\/www.radioluna.it\/news\/wp-json\/wp\/v2\/types\/post"}],"author":[{"embeddable":true,"href":"https:\/\/www.radioluna.it\/news\/wp-json\/wp\/v2\/users\/62"}],"replies":[{"embeddable":true,"href":"https:\/\/www.radioluna.it\/news\/wp-json\/wp\/v2\/comments?post=148865"}],"version-history":[{"count":0,"href":"https:\/\/www.radioluna.it\/news\/wp-json\/wp\/v2\/posts\/148865\/revisions"}],"wp:featuredmedia":[{"embeddable":true,"href":"https:\/\/www.radioluna.it\/news\/wp-json\/wp\/v2\/media\/148868"}],"wp:attachment":[{"href":"https:\/\/www.radioluna.it\/news\/wp-json\/wp\/v2\/media?parent=148865"}],"wp:term":[{"taxonomy":"category","embeddable":true,"href":"https:\/\/www.radioluna.it\/news\/wp-json\/wp\/v2\/categories?post=148865"},{"taxonomy":"post_tag","embeddable":true,"href":"https:\/\/www.radioluna.it\/news\/wp-json\/wp\/v2\/tags?post=148865"}],"curies":[{"name":"wp","href":"https:\/\/api.w.org\/{rel}","templated":true}]}}