{"id":148893,"date":"2014-04-04T08:39:17","date_gmt":"2014-04-04T06:39:17","guid":{"rendered":"http:\/\/www.radioluna.it\/news\/?p=148893"},"modified":"2014-04-04T08:39:17","modified_gmt":"2014-04-04T06:39:17","slug":"allerta-meteo-piogge-fino-a-domani","status":"publish","type":"post","link":"https:\/\/www.radioluna.it\/news\/2014\/04\/allerta-meteo-piogge-fino-a-domani\/","title":{"rendered":"Allerta meteo. Piogge fino a domani"},"content":{"rendered":"<div id=\"fb-root\"><\/div>\n<p><img loading=\"lazy\" decoding=\"async\" class=\"aligncenter size-thumbnail wp-image-148895\" alt=\"MARE\" src=\"http:\/\/www.radioluna.it\/news\/wp-content\/uploads\/2014\/04\/MARE-635x476.jpg\" width=\"635\" height=\"476\" srcset=\"https:\/\/www.radioluna.it\/news\/wp-content\/uploads\/2014\/04\/MARE-635x476.jpg 635w, https:\/\/www.radioluna.it\/news\/wp-content\/uploads\/2014\/04\/MARE-768x576.jpg 768w, https:\/\/www.radioluna.it\/news\/wp-content\/uploads\/2014\/04\/MARE-500x375.jpg 500w, https:\/\/www.radioluna.it\/news\/wp-content\/uploads\/2014\/04\/MARE-300x225.jpg 300w, https:\/\/www.radioluna.it\/news\/wp-content\/uploads\/2014\/04\/MARE-1024x768.jpg 1024w, https:\/\/www.radioluna.it\/news\/wp-content\/uploads\/2014\/04\/MARE-800x600.jpg 800w, https:\/\/www.radioluna.it\/news\/wp-content\/uploads\/2014\/04\/MARE.jpg 1000w\" sizes=\"auto, (max-width: 635px) 100vw, 635px\" \/>LATINA &#8211;\u00a0Dureranno 24-36 ore le piogge come \u00e8 scritto nel bollettino diramato dal dipartimento di protezione civile della Regione Lazio. Il maltempo sar\u00e0 accompagnato da rovesci di forte intensit\u00e0, grandinate e forti raffiche di vento.<\/p>\n<p>LEGGI L&#8217;ALLERTA METEO<\/p>\n<p><a href=\"http:\/\/www.radioluna.it\/news\/wp-content\/uploads\/2014\/04\/AVVISO-METEO.pdf\">AVVISO METEO<\/a><\/p>\n","protected":false},"excerpt":{"rendered":"<p>LATINA &#8211;\u00a0Dureranno 24-36 ore le piogge come \u00e8 scritto nel bollettino diramato dal dipartimento di protezione civile della Regione Lazio. Il maltempo sar\u00e0 accompagnato da rovesci di forte intensit\u00e0, grandinate e forti raffiche di vento. LEGGI L&#8217;ALLERTA METEO AVVISO METEO<\/p>\n","protected":false},"author":62,"featured_media":148895,"comment_status":"open","ping_status":"closed","sticky":false,"template":"","format":"standard","meta":{"footnotes":""},"categories":[735],"tags":[],"class_list":["post-148893","post","type-post","status-publish","format-standard","has-post-thumbnail","hentry","category-attualita"],"_links":{"self":[{"href":"https:\/\/www.radioluna.it\/news\/wp-json\/wp\/v2\/posts\/148893","targetHints":{"allow":["GET"]}}],"collection":[{"href":"https:\/\/www.radioluna.it\/news\/wp-json\/wp\/v2\/posts"}],"about":[{"href":"https:\/\/www.radioluna.it\/news\/wp-json\/wp\/v2\/types\/post"}],"author":[{"embeddable":true,"href":"https:\/\/www.radioluna.it\/news\/wp-json\/wp\/v2\/users\/62"}],"replies":[{"embeddable":true,"href":"https:\/\/www.radioluna.it\/news\/wp-json\/wp\/v2\/comments?post=148893"}],"version-history":[{"count":0,"href":"https:\/\/www.radioluna.it\/news\/wp-json\/wp\/v2\/posts\/148893\/revisions"}],"wp:featuredmedia":[{"embeddable":true,"href":"https:\/\/www.radioluna.it\/news\/wp-json\/wp\/v2\/media\/148895"}],"wp:attachment":[{"href":"https:\/\/www.radioluna.it\/news\/wp-json\/wp\/v2\/media?parent=148893"}],"wp:term":[{"taxonomy":"category","embeddable":true,"href":"https:\/\/www.radioluna.it\/news\/wp-json\/wp\/v2\/categories?post=148893"},{"taxonomy":"post_tag","embeddable":true,"href":"https:\/\/www.radioluna.it\/news\/wp-json\/wp\/v2\/tags?post=148893"}],"curies":[{"name":"wp","href":"https:\/\/api.w.org\/{rel}","templated":true}]}}