{"id":148937,"date":"2014-04-04T17:09:31","date_gmt":"2014-04-04T15:09:31","guid":{"rendered":"http:\/\/www.radioluna.it\/news\/?p=148937"},"modified":"2014-04-04T17:13:08","modified_gmt":"2014-04-04T15:13:08","slug":"anfore-romane-sequestrate-dalla-guardia-di-finanza-in-una-villa-a-sabaudia","status":"publish","type":"post","link":"https:\/\/www.radioluna.it\/news\/2014\/04\/anfore-romane-sequestrate-dalla-guardia-di-finanza-in-una-villa-a-sabaudia\/","title":{"rendered":"Anfore romane sequestrate dalla Guardia di Finanza in una villa a Sabaudia"},"content":{"rendered":"<div id=\"fb-root\"><\/div>\n<p style=\"text-align: justify;\"><img loading=\"lazy\" decoding=\"async\" class=\"size-full wp-image-148938 alignleft\" alt=\"anfore\" src=\"http:\/\/www.radioluna.it\/news\/wp-content\/uploads\/2014\/04\/anfore.jpg\" width=\"259\" height=\"195\" \/>SABAUDIA &#8211;\u00a0Cinque anfore di epoca romana sono state sequestrate dai finanzieri del Comando Provinciale di Latina in una villa a Borgo Vodice a Sabaudia. Le indagini, coordinate dal sostituto procuratore Gregorio Capasso, hanno portato al recupero dei reperti archeologici di grande valore e che erano nascosti in un piano seminterrato della villa insieme ad attrezzi da sub utilizzati, secondo i finanzieri, per perlustrare prima e saccheggiare poi i fondali del litorale pontino. Sulle anfore \u00e8 stata eseguita una perizia da parte di un funzionario della sopraintendenza per i beni archeologici del Lazio che ne ha confermato l&#8217;autenticit\u00e0. Sono due le persone denunciate in stato di libert\u00e0 per ricettazione e impossessamento illecito di beni culturali di propriet\u00e0 dello stato.<\/p>\n","protected":false},"excerpt":{"rendered":"<p>SABAUDIA &#8211;\u00a0Cinque anfore di epoca romana sono state sequestrate dai finanzieri del Comando Provinciale di Latina in una villa a Borgo Vodice a Sabaudia. Le indagini, coordinate dal sostituto procuratore Gregorio Capasso, hanno portato al recupero dei reperti archeologici di grande valore e che erano nascosti in un piano seminterrato della villa insieme ad attrezzi [&hellip;]<\/p>\n","protected":false},"author":62,"featured_media":148938,"comment_status":"open","ping_status":"closed","sticky":false,"template":"","format":"standard","meta":{"footnotes":""},"categories":[7],"tags":[],"class_list":["post-148937","post","type-post","status-publish","format-standard","has-post-thumbnail","hentry","category-cronaca"],"_links":{"self":[{"href":"https:\/\/www.radioluna.it\/news\/wp-json\/wp\/v2\/posts\/148937","targetHints":{"allow":["GET"]}}],"collection":[{"href":"https:\/\/www.radioluna.it\/news\/wp-json\/wp\/v2\/posts"}],"about":[{"href":"https:\/\/www.radioluna.it\/news\/wp-json\/wp\/v2\/types\/post"}],"author":[{"embeddable":true,"href":"https:\/\/www.radioluna.it\/news\/wp-json\/wp\/v2\/users\/62"}],"replies":[{"embeddable":true,"href":"https:\/\/www.radioluna.it\/news\/wp-json\/wp\/v2\/comments?post=148937"}],"version-history":[{"count":0,"href":"https:\/\/www.radioluna.it\/news\/wp-json\/wp\/v2\/posts\/148937\/revisions"}],"wp:featuredmedia":[{"embeddable":true,"href":"https:\/\/www.radioluna.it\/news\/wp-json\/wp\/v2\/media\/148938"}],"wp:attachment":[{"href":"https:\/\/www.radioluna.it\/news\/wp-json\/wp\/v2\/media?parent=148937"}],"wp:term":[{"taxonomy":"category","embeddable":true,"href":"https:\/\/www.radioluna.it\/news\/wp-json\/wp\/v2\/categories?post=148937"},{"taxonomy":"post_tag","embeddable":true,"href":"https:\/\/www.radioluna.it\/news\/wp-json\/wp\/v2\/tags?post=148937"}],"curies":[{"name":"wp","href":"https:\/\/api.w.org\/{rel}","templated":true}]}}