{"id":148939,"date":"2014-04-04T17:16:57","date_gmt":"2014-04-04T15:16:57","guid":{"rendered":"http:\/\/www.radioluna.it\/news\/?p=148939"},"modified":"2014-04-04T23:08:52","modified_gmt":"2014-04-04T21:08:52","slug":"mezzo-chilo-di-hascisc-in-manette-un-trentunenne-di-cisterna","status":"publish","type":"post","link":"https:\/\/www.radioluna.it\/news\/2014\/04\/mezzo-chilo-di-hascisc-in-manette-un-trentunenne-di-cisterna\/","title":{"rendered":"Mezzo chilo di hascisc, in manette un trentunenne di Cisterna"},"content":{"rendered":"<div id=\"fb-root\"><\/div>\n<p style=\"text-align: justify;\"><img loading=\"lazy\" decoding=\"async\" class=\"size-full wp-image-141283 alignleft\" alt=\"hascish\" src=\"http:\/\/www.radioluna.it\/news\/wp-content\/uploads\/2013\/09\/hascish.jpg\" width=\"259\" height=\"194\" \/>CISTERNA &#8211;\u00a0Un uomo di 31 anni \u00e8 stato arrestato dai carabinieri a Cisterna con quasi mezzo chilo di hascisc diviso in panetti e poi con 64 grammi di marijuana gi\u00e0 divisa in dosi. In manette \u00e8 finito Michele Rinforzi, gi\u00e0 conosciuto dalle forze dell&#8217;ordine, che deve rispondere dell&#8217;accusa di detenzione ai fini di spaccio di sostanze stupefacenti, i carabinieri hanno trovato al termine di una perquisizione domiciliare anche 1540 euro probabile provento di spaccio.<\/p>\n","protected":false},"excerpt":{"rendered":"<p>CISTERNA &#8211;\u00a0Un uomo di 31 anni \u00e8 stato arrestato dai carabinieri a Cisterna con quasi mezzo chilo di hascisc diviso in panetti e poi con 64 grammi di marijuana gi\u00e0 divisa in dosi. In manette \u00e8 finito Michele Rinforzi, gi\u00e0 conosciuto dalle forze dell&#8217;ordine, che deve rispondere dell&#8217;accusa di detenzione ai fini di spaccio di [&hellip;]<\/p>\n","protected":false},"author":60,"featured_media":141283,"comment_status":"open","ping_status":"closed","sticky":false,"template":"","format":"standard","meta":{"footnotes":""},"categories":[7],"tags":[],"class_list":["post-148939","post","type-post","status-publish","format-standard","has-post-thumbnail","hentry","category-cronaca"],"_links":{"self":[{"href":"https:\/\/www.radioluna.it\/news\/wp-json\/wp\/v2\/posts\/148939","targetHints":{"allow":["GET"]}}],"collection":[{"href":"https:\/\/www.radioluna.it\/news\/wp-json\/wp\/v2\/posts"}],"about":[{"href":"https:\/\/www.radioluna.it\/news\/wp-json\/wp\/v2\/types\/post"}],"author":[{"embeddable":true,"href":"https:\/\/www.radioluna.it\/news\/wp-json\/wp\/v2\/users\/60"}],"replies":[{"embeddable":true,"href":"https:\/\/www.radioluna.it\/news\/wp-json\/wp\/v2\/comments?post=148939"}],"version-history":[{"count":0,"href":"https:\/\/www.radioluna.it\/news\/wp-json\/wp\/v2\/posts\/148939\/revisions"}],"wp:featuredmedia":[{"embeddable":true,"href":"https:\/\/www.radioluna.it\/news\/wp-json\/wp\/v2\/media\/141283"}],"wp:attachment":[{"href":"https:\/\/www.radioluna.it\/news\/wp-json\/wp\/v2\/media?parent=148939"}],"wp:term":[{"taxonomy":"category","embeddable":true,"href":"https:\/\/www.radioluna.it\/news\/wp-json\/wp\/v2\/categories?post=148939"},{"taxonomy":"post_tag","embeddable":true,"href":"https:\/\/www.radioluna.it\/news\/wp-json\/wp\/v2\/tags?post=148939"}],"curies":[{"name":"wp","href":"https:\/\/api.w.org\/{rel}","templated":true}]}}