{"id":148944,"date":"2014-04-04T18:22:43","date_gmt":"2014-04-04T16:22:43","guid":{"rendered":"http:\/\/www.radioluna.it\/news\/?p=148944"},"modified":"2014-04-04T18:22:43","modified_gmt":"2014-04-04T16:22:43","slug":"osservatorio-epidemiologico-pontino-inutile-duplicato","status":"publish","type":"post","link":"https:\/\/www.radioluna.it\/news\/2014\/04\/osservatorio-epidemiologico-pontino-inutile-duplicato\/","title":{"rendered":"Osservatorio epidemiologico pontino, inutile duplicato"},"content":{"rendered":"<div id=\"fb-root\"><\/div>\n<div id=\"attachment_129546\" style=\"width: 650px\" class=\"wp-caption aligncenter\"><img loading=\"lazy\" decoding=\"async\" aria-describedby=\"caption-attachment-129546\" class=\"size-full wp-image-129546\" alt=\"ENRICO FORTE\" src=\"http:\/\/www.radioluna.it\/news\/wp-content\/uploads\/2012\/12\/forte.jpg\" width=\"640\" height=\"480\" srcset=\"https:\/\/www.radioluna.it\/news\/wp-content\/uploads\/2012\/12\/forte.jpg 640w, https:\/\/www.radioluna.it\/news\/wp-content\/uploads\/2012\/12\/forte-300x225.jpg 300w, https:\/\/www.radioluna.it\/news\/wp-content\/uploads\/2012\/12\/forte-500x375.jpg 500w\" sizes=\"auto, (max-width: 640px) 100vw, 640px\" \/><p id=\"caption-attachment-129546\" class=\"wp-caption-text\">ENRICO FORTE<\/p><\/div>\n<p style=\"text-align: justify;\">LATINA &#8211;\u00a0\u00abL\u2019avvio dell\u2019Osservatorio epidemiologico pontino appare quanto mai singolare soprattutto perch\u00e9 stride nettamente con le disposizioni generali fissate dalla Regione Lazio secondo la quale finalit\u00e0 ed assetto dell\u2019organismo si collocano al di fuori dell\u2019assetto istituzionale fissato dalla stessa Regione con propria legge del 2013\u00bb.<\/p>\n<p style=\"text-align: justify;\">Il consigliere regionale Enrico Forte interviene sull\u2019entrata in funzione, annunciata due giorni fa dal Comune di Latina, dell\u2019Oep, struttura cui spettano compiti di tutela in materia ambientale e della salute pubblica, verifiche e monitoraggi sulla situazione socio-sanitaria del territorio, prevenzione delle patologie di interesse pubblico.<\/p>\n<p style=\"text-align: justify;\"><span style=\"line-height: 1.5em;\">\u00abL\u2019iniziativa adottata dal Comune \u2013 spiega Forte \u2013 appare in netto contrasto con la legge regionale del giugno 2013, legge che precisava la necessit\u00e0 di evitare duplicazioni di attivit\u00e0 e competenze in materia di monitoraggi epidemiologici e che oggi torna a ribadire come finalit\u00e0 ed assetto dell\u2019Osservatorio pontino entrato in conflitto con le disposizioni esistenti in particolare quella che attribuisce la titolarit\u00e0 ad effettuare rilevazioni sullo stato di salute della popolazione al Dipartimento di epidemiologia della Asl RM E a supporto della Regione e della Asl. E\u2019 evidente \u2013 prosegue il consigliere regionale del Partito Democratico \u2013 che l\u2019obiettivo di tali disposizioni \u00e8 quello di non dare vita ad inutili doppioni di sistemi informativi la cui unitariet\u00e0 a livello regionale \u00e8 invece garanzia di affidabilit\u00e0 alla luce dell\u2019utilizzo di criteri metodologi unici. In definitiva la Regione ha voluto uniformare le rilevazioni epidemiologiche sull\u2019intero territorio laziale iniziando proprio dall\u2019assetto organizzativo dei sistemi informativi per evitare inutili duplicati e costi aggiuntivi. Appare quindi davvero singolare che l\u2019amministrazione comunale di Latina, in contrasto con quanto stabilito per legge, proceda all\u2019istituzione di un proprio Osservatorio pontino impegnando risorse finanziarie che possono essere risparmiate e andando a recuperare, per il funzionamento della struttura, professionalit\u00e0 addirittura al di fuori della nostra Regione. Un\u2019iniziativa questa \u2013 conclude Enrico Forte &#8211; che davvero si colloca al di fuori della logica e soprattutto contrasta con la normativa regionale\u00bb.<\/span><\/p>\n<p>&nbsp;<\/p>\n","protected":false},"excerpt":{"rendered":"<p>LATINA &#8211;\u00a0\u00abL\u2019avvio dell\u2019Osservatorio epidemiologico pontino appare quanto mai singolare soprattutto perch\u00e9 stride nettamente con le disposizioni generali fissate dalla Regione Lazio secondo la quale finalit\u00e0 ed assetto dell\u2019organismo si collocano al di fuori dell\u2019assetto istituzionale fissato dalla stessa Regione con propria legge del 2013\u00bb. Il consigliere regionale Enrico Forte interviene sull\u2019entrata in funzione, annunciata due [&hellip;]<\/p>\n","protected":false},"author":60,"featured_media":129546,"comment_status":"open","ping_status":"closed","sticky":false,"template":"","format":"standard","meta":{"footnotes":""},"categories":[7,8],"tags":[],"class_list":["post-148944","post","type-post","status-publish","format-standard","has-post-thumbnail","hentry","category-cronaca","category-politica"],"_links":{"self":[{"href":"https:\/\/www.radioluna.it\/news\/wp-json\/wp\/v2\/posts\/148944","targetHints":{"allow":["GET"]}}],"collection":[{"href":"https:\/\/www.radioluna.it\/news\/wp-json\/wp\/v2\/posts"}],"about":[{"href":"https:\/\/www.radioluna.it\/news\/wp-json\/wp\/v2\/types\/post"}],"author":[{"embeddable":true,"href":"https:\/\/www.radioluna.it\/news\/wp-json\/wp\/v2\/users\/60"}],"replies":[{"embeddable":true,"href":"https:\/\/www.radioluna.it\/news\/wp-json\/wp\/v2\/comments?post=148944"}],"version-history":[{"count":0,"href":"https:\/\/www.radioluna.it\/news\/wp-json\/wp\/v2\/posts\/148944\/revisions"}],"wp:featuredmedia":[{"embeddable":true,"href":"https:\/\/www.radioluna.it\/news\/wp-json\/wp\/v2\/media\/129546"}],"wp:attachment":[{"href":"https:\/\/www.radioluna.it\/news\/wp-json\/wp\/v2\/media?parent=148944"}],"wp:term":[{"taxonomy":"category","embeddable":true,"href":"https:\/\/www.radioluna.it\/news\/wp-json\/wp\/v2\/categories?post=148944"},{"taxonomy":"post_tag","embeddable":true,"href":"https:\/\/www.radioluna.it\/news\/wp-json\/wp\/v2\/tags?post=148944"}],"curies":[{"name":"wp","href":"https:\/\/api.w.org\/{rel}","templated":true}]}}