{"id":149016,"date":"2014-04-07T14:38:31","date_gmt":"2014-04-07T12:38:31","guid":{"rendered":"http:\/\/www.radioluna.it\/news\/?p=149016"},"modified":"2014-04-07T14:40:13","modified_gmt":"2014-04-07T12:40:13","slug":"vinitaly-carpineti-vince-il-cangrande-verona-2014","status":"publish","type":"post","link":"https:\/\/www.radioluna.it\/news\/2014\/04\/vinitaly-carpineti-vince-il-cangrande-verona-2014\/","title":{"rendered":"Vinitaly, Carpineti vince il Cangrande Verona 2014"},"content":{"rendered":"<div id=\"fb-root\"><\/div>\n<div id=\"attachment_149017\" style=\"width: 645px\" class=\"wp-caption aligncenter\"><img loading=\"lazy\" decoding=\"async\" aria-describedby=\"caption-attachment-149017\" class=\"size-thumbnail wp-image-149017\" alt=\"Padiglione Lazio al Vinitaly 2014\" src=\"http:\/\/www.radioluna.it\/news\/wp-content\/uploads\/2014\/04\/Padiglione-Lazio-al-Vinitaly-2014-635x396.jpg\" width=\"635\" height=\"396\" srcset=\"https:\/\/www.radioluna.it\/news\/wp-content\/uploads\/2014\/04\/Padiglione-Lazio-al-Vinitaly-2014-635x396.jpg 635w, https:\/\/www.radioluna.it\/news\/wp-content\/uploads\/2014\/04\/Padiglione-Lazio-al-Vinitaly-2014-768x480.jpg 768w, https:\/\/www.radioluna.it\/news\/wp-content\/uploads\/2014\/04\/Padiglione-Lazio-al-Vinitaly-2014-500x312.jpg 500w, https:\/\/www.radioluna.it\/news\/wp-content\/uploads\/2014\/04\/Padiglione-Lazio-al-Vinitaly-2014-300x187.jpg 300w, https:\/\/www.radioluna.it\/news\/wp-content\/uploads\/2014\/04\/Padiglione-Lazio-al-Vinitaly-2014-800x499.jpg 800w, https:\/\/www.radioluna.it\/news\/wp-content\/uploads\/2014\/04\/Padiglione-Lazio-al-Vinitaly-2014.jpg 807w\" sizes=\"auto, (max-width: 635px) 100vw, 635px\" \/><p id=\"caption-attachment-149017\" class=\"wp-caption-text\">Padiglione Lazio al Vinitaly 2014<\/p><\/div>\n<p style=\"text-align: justify;\">CORI &#8211; E&#8217; stato assegnato all\u2019azienda agricola biologica di Marco Carpineti, il premio Cangrande Verona 2014, prestigioso riconoscimento riservato ai grandi interpreti del mondo enologico italiano. \u00a0Il premio viene conferito seguendo le indicazioni degli assessorati regionali all\u2019Agricoltura che segnalano quanti, con la propria attivit\u00e0 professionale o imprenditoriale, contribuiscono al progresso qualitativo della produzione viticola della propria regione e del proprio Paese.<\/p>\n<p style=\"text-align: justify;\">\u201cLa motivazione del premio Cangrande \u2013 ha dichiarato l\u2019assessore all\u2019agricoltura del Lazio Sonia Ricci \u2013 sta nella sfida di Marco Carpineti rivolta costantemente alla ricerca della qualit\u00e0. Un percorso incentrato soprattutto sull&#8217;attenzione alla vigna e in una visione pi\u00f9 ampia dell&#8217;ambiente. Dalla scelta di coltivare vitigni sconosciuti all\u2019adozione nel 1994 dei metodi di produzione biologica, fino al recente arrivo in azienda di due nuovi &#8220;collaboratori&#8221;. Due cavalli di razza italiana allevati per lavorare nei campi. Il loro utilizzo posto del trattore \u00e8 a completo beneficio del terreno e delle piante che cos\u00ec potranno dare un frutto di grandissima qualit\u00e0\u201d.<br \/>\nL\u2019azienda di Cori \u2013 ha concluso l\u2019assessore Ricci &#8211; rappresenta un esempio della grande vitalit\u00e0 della viticoltura del Lazio impegnata per la crescita costante della qualit\u00e0 e della genuinit\u00e0 del prodotto senza mai dimenticare la tradizione e il territorio.<\/p>\n","protected":false},"excerpt":{"rendered":"<p>CORI &#8211; E&#8217; stato assegnato all\u2019azienda agricola biologica di Marco Carpineti, il premio Cangrande Verona 2014, prestigioso riconoscimento riservato ai grandi interpreti del mondo enologico italiano. \u00a0Il premio viene conferito seguendo le indicazioni degli assessorati regionali all\u2019Agricoltura che segnalano quanti, con la propria attivit\u00e0 professionale o imprenditoriale, contribuiscono al progresso qualitativo della produzione viticola della [&hellip;]<\/p>\n","protected":false},"author":62,"featured_media":149017,"comment_status":"open","ping_status":"closed","sticky":false,"template":"","format":"standard","meta":{"footnotes":""},"categories":[735],"tags":[],"class_list":["post-149016","post","type-post","status-publish","format-standard","has-post-thumbnail","hentry","category-attualita"],"_links":{"self":[{"href":"https:\/\/www.radioluna.it\/news\/wp-json\/wp\/v2\/posts\/149016","targetHints":{"allow":["GET"]}}],"collection":[{"href":"https:\/\/www.radioluna.it\/news\/wp-json\/wp\/v2\/posts"}],"about":[{"href":"https:\/\/www.radioluna.it\/news\/wp-json\/wp\/v2\/types\/post"}],"author":[{"embeddable":true,"href":"https:\/\/www.radioluna.it\/news\/wp-json\/wp\/v2\/users\/62"}],"replies":[{"embeddable":true,"href":"https:\/\/www.radioluna.it\/news\/wp-json\/wp\/v2\/comments?post=149016"}],"version-history":[{"count":0,"href":"https:\/\/www.radioluna.it\/news\/wp-json\/wp\/v2\/posts\/149016\/revisions"}],"wp:featuredmedia":[{"embeddable":true,"href":"https:\/\/www.radioluna.it\/news\/wp-json\/wp\/v2\/media\/149017"}],"wp:attachment":[{"href":"https:\/\/www.radioluna.it\/news\/wp-json\/wp\/v2\/media?parent=149016"}],"wp:term":[{"taxonomy":"category","embeddable":true,"href":"https:\/\/www.radioluna.it\/news\/wp-json\/wp\/v2\/categories?post=149016"},{"taxonomy":"post_tag","embeddable":true,"href":"https:\/\/www.radioluna.it\/news\/wp-json\/wp\/v2\/tags?post=149016"}],"curies":[{"name":"wp","href":"https:\/\/api.w.org\/{rel}","templated":true}]}}