{"id":149064,"date":"2014-04-08T16:27:11","date_gmt":"2014-04-08T14:27:11","guid":{"rendered":"http:\/\/www.radioluna.it\/news\/?p=149064"},"modified":"2014-04-08T16:27:11","modified_gmt":"2014-04-08T14:27:11","slug":"verso-latina-novara-nerazzurri-senza-brosco","status":"publish","type":"post","link":"https:\/\/www.radioluna.it\/news\/2014\/04\/verso-latina-novara-nerazzurri-senza-brosco\/","title":{"rendered":"Verso Latina &#8211; Novara, nerazzurri senza Brosco"},"content":{"rendered":"<div id=\"fb-root\"><\/div>\n<p style=\"text-align: justify;\"><span style=\"line-height: 1.5em;\"><strong><img loading=\"lazy\" decoding=\"async\" class=\"alignleft size-medium wp-image-143221\" alt=\"francioni\" src=\"http:\/\/www.radioluna.it\/news\/wp-content\/uploads\/2013\/11\/francioni-300x225.jpg\" width=\"300\" height=\"225\" \/>LATINA-<\/strong> C&#8217;era da aspettarselo il difensore nerazzurro Riccardo Brosco salter\u00e0 Latina Novara in programma sabato al Francioni, l&#8217;ammonizione rimediata al Granillo contro la Reggina (la 12esima dall&#8217;inizio della stagione, un record) lo costringer\u00e0 a stare fermo ai box, oggi il giudice sportivo lo ha squalificato per un turno. Intanto in casa nerazzurra procede la marcia di avvicinamento contro il Novara che dovr\u00e0 fare a meno dell&#8217;ex di turno pi\u00f9 atteso, Simone Pesce, per sabato al Francioni \u00e8 prevista una grandissima cornice di pubblico con oltre 5500 tifosi, ma non escluso che venga battuto il record di Latina-Trapani, pronti a spingere la squadra di Breda alla terza vittoria consecutiva.<\/span><\/p>\n<p>&nbsp;<\/p>\n","protected":false},"excerpt":{"rendered":"<p>LATINA- C&#8217;era da aspettarselo il difensore nerazzurro Riccardo Brosco salter\u00e0 Latina Novara in programma sabato al Francioni, l&#8217;ammonizione rimediata al Granillo contro la Reggina (la 12esima dall&#8217;inizio della stagione, un record) lo costringer\u00e0 a stare fermo ai box, oggi il giudice sportivo lo ha squalificato per un turno. Intanto in casa nerazzurra procede la marcia [&hellip;]<\/p>\n","protected":false},"author":60,"featured_media":0,"comment_status":"open","ping_status":"closed","sticky":false,"template":"","format":"standard","meta":{"footnotes":""},"categories":[17],"tags":[],"class_list":["post-149064","post","type-post","status-publish","format-standard","hentry","category-sport"],"_links":{"self":[{"href":"https:\/\/www.radioluna.it\/news\/wp-json\/wp\/v2\/posts\/149064","targetHints":{"allow":["GET"]}}],"collection":[{"href":"https:\/\/www.radioluna.it\/news\/wp-json\/wp\/v2\/posts"}],"about":[{"href":"https:\/\/www.radioluna.it\/news\/wp-json\/wp\/v2\/types\/post"}],"author":[{"embeddable":true,"href":"https:\/\/www.radioluna.it\/news\/wp-json\/wp\/v2\/users\/60"}],"replies":[{"embeddable":true,"href":"https:\/\/www.radioluna.it\/news\/wp-json\/wp\/v2\/comments?post=149064"}],"version-history":[{"count":0,"href":"https:\/\/www.radioluna.it\/news\/wp-json\/wp\/v2\/posts\/149064\/revisions"}],"wp:attachment":[{"href":"https:\/\/www.radioluna.it\/news\/wp-json\/wp\/v2\/media?parent=149064"}],"wp:term":[{"taxonomy":"category","embeddable":true,"href":"https:\/\/www.radioluna.it\/news\/wp-json\/wp\/v2\/categories?post=149064"},{"taxonomy":"post_tag","embeddable":true,"href":"https:\/\/www.radioluna.it\/news\/wp-json\/wp\/v2\/tags?post=149064"}],"curies":[{"name":"wp","href":"https:\/\/api.w.org\/{rel}","templated":true}]}}